{"id":225254,"date":"2021-12-18T17:02:25","date_gmt":"2021-12-18T16:02:25","guid":{"rendered":"https:\/\/zjarr.tv\/?p=225254"},"modified":"2021-12-18T17:02:25","modified_gmt":"2021-12-18T16:02:25","slug":"duan-apo-sduan-basha-eshte-kryetari-grida-duma-me-fjalim-te-forte-ne-kuvendin-e-pd-mbeshtetja-ime-per-berishen-ka-marre-fund","status":"publish","type":"post","link":"https:\/\/zjarr.tv\/en\/duan-apo-sduan-basha-eshte-kryetari-grida-duma-me-fjalim-te-forte-ne-kuvendin-e-pd-mbeshtetja-ime-per-berishen-ka-marre-fund\/","title":{"rendered":"\u201cDuan apo s\u2019duan, Basha \u00ebsht\u00eb kryetari\u201d, Grida Duma me fjalim t\u00eb fort\u00eb n\u00eb Kuvendin e PD: Mb\u00ebshtetja ime p\u00ebr Berish\u00ebn ka marr\u00eb fund"},"content":{"rendered":"<p>Deputetja Grida Duma ka mbajtur nj\u00eb fjalim t\u00eb fort\u00eb n\u00eb Kuvendin e PD, ku tha se t\u00eb gjith\u00eb demokrat\u00ebt duhet t\u00eb ishin sot n\u00eb k\u00ebt\u00eb Kuvend dhe jo n\u00eb mitingun e Sali Berish\u00ebs q\u00eb ishte p\u00ebr interesa personale.<\/p>\n<p>Ajo tha se do apo nuk do Berisha, Basha \u00ebsht\u00eb dhe do t\u00eb jet\u00eb kryetari i PD dhe se Kuvendi i PD i 11 dhjetorit \u00ebsht\u00eb nul.<\/p>\n<p>Duma nd\u00ebr t\u00eb tjera pati edhe kritika p\u00ebr PD, teksa tha se tani mision i saj duket t\u00eb jet\u00eb kthimi i demokrat\u00ebve.<\/p>\n<p>\u201cUn\u00eb dhe ju jemi sot k\u00ebtu sepse k\u00ebt\u00eb duhet t\u00eb jet\u00eb cdo demokrat i v\u00ebrtet q\u00eb e di misionin e PD. Un\u00eb nuk mund t\u00eb isha kurrsesi n\u00eb nj\u00eb miting t\u00eb interesit personal t\u00eb Sali Berish\u00ebs. Ndjej keqardhje p\u00ebr damkosjen e tij, por demokrat\u00eb un\u00eb nuk jam k\u00ebtu p\u00ebr tu b\u00ebr\u00eb maska anti-zhg\u00ebnjim e Lulzim Bash\u00ebs, ishin pasojat e gabimeve tona dhe kryetar\u00ebt q\u00eb i cuan demokrat\u00ebt n\u00eb at\u00eb miting t\u00eb 11 dhjetorit.<\/p>\n<p>Nuk jemi k\u00ebtu p\u00ebr t\u00eb kontestuar legjitimitetin e kryetarit dhe as p\u00ebr t\u2019i k\u00ebrkuar dor\u00ebheqjen. Ndoshta duhet ta kishte konsideruar at\u00ebher\u00eb kur Sali Berisha nuk ia k\u00ebrkoi. Ia dham\u00eb vot\u00ebn pa i th\u00ebn\u00eb asnj\u00eb fjal\u00eb, edhe kur nuk i fituam zgjedhjet. K\u00ebshtu kemi gabuar q\u00eb nga viti 2013, prandaj ky absurd erdhi n\u00eb k\u00ebt\u00eb pik\u00eb, kur Lulzim Basha doli humb\u00ebsi i vet\u00ebm. <\/p>\n<p>N\u00eb k\u00ebt\u00eb sherr brenda familjes son\u00eb ke nj\u00eb avantazh t\u00eb madh, sepse ti je m\u00eb i pafajshmi n\u00eb k\u00ebt\u00eb mes dhe pik\u00ebrisht Berisha \u00ebsht\u00eb fajtori m\u00eb i madh. PD nuk e ndihmon dot Berish\u00ebn sepse ai s\u2019ka m\u00eb asgj\u00eb p\u00ebr t\u00eb humbur por PD s\u2019mund t\u00eb humbas\u00eb \u00e7do gj\u00eb p\u00ebr t\u00eb ngush\u00eblluar egon e pakufijshme t\u00eb tij.<\/p>","protected":false},"excerpt":{"rendered":"<p>Deputetja Grida Duma ka mbajtur nj\u00eb fjalim t\u00eb fort\u00eb n\u00eb Kuvendin e PD, ku tha se t\u00eb gjith\u00eb demokrat\u00ebt duhet t\u00eb ishin sot n\u00eb k\u00ebt\u00eb Kuvend dhe jo n\u00eb mitingun e Sali Berish\u00ebs q\u00eb ishte p\u00ebr interesa personale. Ajo tha se do apo nuk do Berisha, Basha \u00ebsht\u00eb dhe do t\u00eb jet\u00eb kryetari i PD [&hellip;]<\/p>\n","protected":false},"author":2031,"featured_media":225255,"comment_status":"closed","ping_status":"closed","sticky":false,"template":"","format":"standard","meta":{"footnotes":""},"categories":[231],"tags":[],"class_list":{"0":"post-225254","1":"post","2":"type-post","3":"status-publish","4":"format-standard","5":"has-post-thumbnail","7":"category-lajme"},"_links":{"self":[{"href":"https:\/\/zjarr.tv\/en\/wp-json\/wp\/v2\/posts\/225254","targetHints":{"allow":["GET"]}}],"collection":[{"href":"https:\/\/zjarr.tv\/en\/wp-json\/wp\/v2\/posts"}],"about":[{"href":"https:\/\/zjarr.tv\/en\/wp-json\/wp\/v2\/types\/post"}],"author":[{"embeddable":true,"href":"https:\/\/zjarr.tv\/en\/wp-json\/wp\/v2\/users\/2031"}],"replies":[{"embeddable":true,"href":"https:\/\/zjarr.tv\/en\/wp-json\/wp\/v2\/comments?post=225254"}],"version-history":[{"count":0,"href":"https:\/\/zjarr.tv\/en\/wp-json\/wp\/v2\/posts\/225254\/revisions"}],"wp:featuredmedia":[{"embeddable":true,"href":"https:\/\/zjarr.tv\/en\/wp-json\/wp\/v2\/media\/225255"}],"wp:attachment":[{"href":"https:\/\/zjarr.tv\/en\/wp-json\/wp\/v2\/media?parent=225254"}],"wp:term":[{"taxonomy":"category","embeddable":true,"href":"https:\/\/zjarr.tv\/en\/wp-json\/wp\/v2\/categories?post=225254"},{"taxonomy":"post_tag","embeddable":true,"href":"https:\/\/zjarr.tv\/en\/wp-json\/wp\/v2\/tags?post=225254"}],"curies":[{"name":"wp","href":"https:\/\/api.w.org\/{rel}","templated":true}]}}