{"id":225284,"date":"2021-12-18T18:14:44","date_gmt":"2021-12-18T17:14:44","guid":{"rendered":"https:\/\/zjarr.tv\/?p=225284"},"modified":"2021-12-18T18:14:44","modified_gmt":"2021-12-18T17:14:44","slug":"myslim-murrizi-tallet-me-kuvendet-e-pd-se-si-kthim-buke-mes-krushqive-te-dy-te-shtunen-si-dasmat-e-vajzave-si-nuk-ben-nje-te-dielen-mor-aman","status":"publish","type":"post","link":"https:\/\/zjarr.tv\/en\/myslim-murrizi-tallet-me-kuvendet-e-pd-se-si-kthim-buke-mes-krushqive-te-dy-te-shtunen-si-dasmat-e-vajzave-si-nuk-ben-nje-te-dielen-mor-aman\/","title":{"rendered":"Myslim Murrizi tallet me Kuvendet e PD-s\u00eb: Si kthim buke mes krushqive! T\u00eb dy t\u00eb shtun\u00ebn si dasmat e vajzave, si nuk b\u00ebn nj\u00eb t\u00eb diel\u00ebn mor aman"},"content":{"rendered":"<p>Ish-deputeti demokrat Myzlim Murrizi ka ironizuar 2 Kuvendet e Partis\u00eb Demokratike t\u00eb mbledhur n\u00eb harkun kohor t\u00eb 7 dit\u00ebve, n\u00eb 11 Dhjetor i Sali Berish\u00ebs dhe sot Kuvendi i thirrur nga Lulzim Basha.<\/p>\n<p>Ai shprehet n\u00eb nj\u00eb postim n\u00eb rrjetet sociale se dy Kuvendet e PD-s\u00eb jan\u00eb si kthim buke mes krushqive, por t\u00eb dy b\u00ebhen t\u00eb shtun\u00ebn si dasmat e vajzave n\u00eb koh\u00ebn e komunizmit. Sipas tij, t\u00eb dy slloganet jan\u00eb nj\u00ebsoj, t\u00eb kopjuara nga enverizmi i djesh\u00ebm, teksa shton se sot n\u00eb Pallatin e Kongreseve d\u00ebgjoi t\u00eb nj\u00ebjt\u00ebn gj\u00eb si \u201cRilindja\u201d, q\u00eb thoshte \u201csi do jet\u00eb PS sot, do jet\u00eb Shqip\u00ebria nes\u00ebr\u201d.<\/p>\n<p>Postimi i plot\u00eb:<\/p>\n<p>Dy \u201c kuvende\u201d te PD si kthim buke mes krushqive.<\/p>\n<p>Te dy mbahen dite shtune, si dasmat e vajzave ne kohen e komunizmit.<\/p>\n<p>Dy slloganet e soteme njelloj si slloganet e rilindjes te kopjuara nga enverizmi i djeshem<\/p>\n<p>Si do te jete PD sot, do te jete Shqiperia neser<\/p>\n<p>Rilindja ka bere agjensi Shteterore per bashkeqeverisjen, sot pashe qe PD po krijon Aleancen Qytetare<\/p>\n<p>Nje pyetje te drejperdrejt per Bashen<\/p>\n<p>Sa ish spiune sigurimi , ish komunist dhe ish zyrtare te komunizmit ka ne 500 antare te keshillit kombetare te PD????<\/p>\n<p>Sa nga kjo kategori e peshtire jane ne kryesine e PD??<\/p>\n<p>Sa jane drejtues te degeve te PD dhe antare te kryesive te degeve te PD???<\/p>\n<p>Sa ish hajdut administrate, ish ministra, zv ministra, drejtor te pergjithshem, drejtore drejtorie e drejtore rajonal ka ne 500 antare te keshillit kombetare??<\/p>","protected":false},"excerpt":{"rendered":"<p>Ish-deputeti demokrat Myzlim Murrizi ka ironizuar 2 Kuvendet e Partis\u00eb Demokratike t\u00eb mbledhur n\u00eb harkun kohor t\u00eb 7 dit\u00ebve, n\u00eb 11 Dhjetor i Sali Berish\u00ebs dhe sot Kuvendi i thirrur nga Lulzim Basha. Ai shprehet n\u00eb nj\u00eb postim n\u00eb rrjetet sociale se dy Kuvendet e PD-s\u00eb jan\u00eb si kthim buke mes krushqive, por t\u00eb dy [&hellip;]<\/p>\n","protected":false},"author":2031,"featured_media":192347,"comment_status":"closed","ping_status":"closed","sticky":false,"template":"","format":"standard","meta":{"footnotes":""},"categories":[231],"tags":[],"class_list":{"0":"post-225284","1":"post","2":"type-post","3":"status-publish","4":"format-standard","5":"has-post-thumbnail","7":"category-lajme"},"_links":{"self":[{"href":"https:\/\/zjarr.tv\/en\/wp-json\/wp\/v2\/posts\/225284","targetHints":{"allow":["GET"]}}],"collection":[{"href":"https:\/\/zjarr.tv\/en\/wp-json\/wp\/v2\/posts"}],"about":[{"href":"https:\/\/zjarr.tv\/en\/wp-json\/wp\/v2\/types\/post"}],"author":[{"embeddable":true,"href":"https:\/\/zjarr.tv\/en\/wp-json\/wp\/v2\/users\/2031"}],"replies":[{"embeddable":true,"href":"https:\/\/zjarr.tv\/en\/wp-json\/wp\/v2\/comments?post=225284"}],"version-history":[{"count":0,"href":"https:\/\/zjarr.tv\/en\/wp-json\/wp\/v2\/posts\/225284\/revisions"}],"wp:featuredmedia":[{"embeddable":true,"href":"https:\/\/zjarr.tv\/en\/wp-json\/wp\/v2\/media\/192347"}],"wp:attachment":[{"href":"https:\/\/zjarr.tv\/en\/wp-json\/wp\/v2\/media?parent=225284"}],"wp:term":[{"taxonomy":"category","embeddable":true,"href":"https:\/\/zjarr.tv\/en\/wp-json\/wp\/v2\/categories?post=225284"},{"taxonomy":"post_tag","embeddable":true,"href":"https:\/\/zjarr.tv\/en\/wp-json\/wp\/v2\/tags?post=225284"}],"curies":[{"name":"wp","href":"https:\/\/api.w.org\/{rel}","templated":true}]}}