{"id":225290,"date":"2021-12-18T20:17:30","date_gmt":"2021-12-18T19:17:30","guid":{"rendered":"https:\/\/zjarr.tv\/?p=225290"},"modified":"2021-12-18T20:17:30","modified_gmt":"2021-12-18T19:17:30","slug":"rakipi-kuvend-fake-basha-me-peshtiroset-i-ka-vendosur-kycin-pd-se","status":"publish","type":"post","link":"https:\/\/zjarr.tv\/en\/rakipi-kuvend-fake-basha-me-peshtiroset-i-ka-vendosur-kycin-pd-se\/","title":{"rendered":"Rakipi: Kuvend fake! Basha m\u00eb p\u00ebshtiroset, i ka vendosur ky\u00e7in PD-s\u00eb"},"content":{"rendered":"<p>Ylli Rakipi, i ftuar n\u00eb studion e lajmeve n\u00eb MCN TV, ka komentuar Kuvendin e mbajtur nga Lulzim Basha dit\u00ebn e sotme n\u00eb Pallatin e Kongreseve.<\/p>\n<p>Rakipi tha se kemi t\u00eb b\u00ebjm\u00eb me nj\u00eb Kuvend fake, pra fallco dhe se Lulzim Basha i ka vendosur ky\u00e7in Partis\u00eb Demokratike.<\/p>\n<p>\u201cBasha ka vul\u00eb, selin\u00eb, bravat, nj\u00eb pjes\u00eb t\u00eb deputet\u00ebve. P\u00ebr Kuvendin, kuorumi k\u00ebrkon shum\u00eb m\u00eb tep\u00ebr sesa njer\u00ebz ishin n\u00eb sall\u00eb. Ky ishte Kuvend fake (fallco). Ka mbaruar koha e mashtrimit.<\/p>\n<p>Kur thua Edi Rama m\u00eb ka vjedhur votat, t\u00eb pakt\u00ebn mos b\u00ebj Kuvend fake. T\u00eb deklarosh 5004 njer\u00ebz, n\u00eb nj\u00eb ambient q\u00eb merr 1800 njer\u00ebz, kjo \u00ebsht\u00eb fake.<\/p>\n<p>P\u00ebrse ka frik\u00eb Lulzim Basha, n\u00ebse ka shumic\u00ebn si\u00e7 deklaron? Njeriu mund t\u00eb rivler\u00ebsohet, t\u00eb kandidoj\u00eb, jo t\u00eb mbaj\u00eb partin\u00eb si sh.p.k!<\/p>\n<p>Basha i ka vendousr ky\u00e7in Partis\u00eb Demokratike.<\/p>\n<p>Opozita \u00ebsht\u00eb p\u00ebr t\u00eb mundur Edi Ram\u00ebn, kjo q\u00eb po shohim ne \u00ebsht\u00eb nj\u00eb turp. Edhe Berisha ka faj, sepse ka heshtur p\u00ebr gjith\u00e7ka.<\/p>\n<p>Por, nuk mund t\u00eb jem me k\u00ebt\u00eb njeri (Bash\u00ebn) sepse m\u00eb p\u00ebshtiroset!<\/p>\n<p>Opozita \u00ebsht\u00eb kthyer n\u00eb qesharake. \u00cbsht\u00eb rasti i par\u00eb n\u00eb historin\u00eb e pluralizimit, q\u00eb nj\u00eb parti politike b\u00ebn dy kongrese n\u00eb nj\u00eb jav\u00eb dhe tre brenda pak muajve\u201d, tha Rakipi.<\/p>","protected":false},"excerpt":{"rendered":"<p>Ylli Rakipi, i ftuar n\u00eb studion e lajmeve n\u00eb MCN TV, ka komentuar Kuvendin e mbajtur nga Lulzim Basha dit\u00ebn e sotme n\u00eb Pallatin e Kongreseve. Rakipi tha se kemi t\u00eb b\u00ebjm\u00eb me nj\u00eb Kuvend fake, pra fallco dhe se Lulzim Basha i ka vendosur ky\u00e7in Partis\u00eb Demokratike. \u201cBasha ka vul\u00eb, selin\u00eb, bravat, nj\u00eb pjes\u00eb [&hellip;]<\/p>\n","protected":false},"author":2031,"featured_media":225291,"comment_status":"closed","ping_status":"closed","sticky":false,"template":"","format":"standard","meta":{"footnotes":""},"categories":[231],"tags":[],"class_list":{"0":"post-225290","1":"post","2":"type-post","3":"status-publish","4":"format-standard","5":"has-post-thumbnail","7":"category-lajme"},"_links":{"self":[{"href":"https:\/\/zjarr.tv\/en\/wp-json\/wp\/v2\/posts\/225290","targetHints":{"allow":["GET"]}}],"collection":[{"href":"https:\/\/zjarr.tv\/en\/wp-json\/wp\/v2\/posts"}],"about":[{"href":"https:\/\/zjarr.tv\/en\/wp-json\/wp\/v2\/types\/post"}],"author":[{"embeddable":true,"href":"https:\/\/zjarr.tv\/en\/wp-json\/wp\/v2\/users\/2031"}],"replies":[{"embeddable":true,"href":"https:\/\/zjarr.tv\/en\/wp-json\/wp\/v2\/comments?post=225290"}],"version-history":[{"count":0,"href":"https:\/\/zjarr.tv\/en\/wp-json\/wp\/v2\/posts\/225290\/revisions"}],"wp:featuredmedia":[{"embeddable":true,"href":"https:\/\/zjarr.tv\/en\/wp-json\/wp\/v2\/media\/225291"}],"wp:attachment":[{"href":"https:\/\/zjarr.tv\/en\/wp-json\/wp\/v2\/media?parent=225290"}],"wp:term":[{"taxonomy":"category","embeddable":true,"href":"https:\/\/zjarr.tv\/en\/wp-json\/wp\/v2\/categories?post=225290"},{"taxonomy":"post_tag","embeddable":true,"href":"https:\/\/zjarr.tv\/en\/wp-json\/wp\/v2\/tags?post=225290"}],"curies":[{"name":"wp","href":"https:\/\/api.w.org\/{rel}","templated":true}]}}