{"id":225295,"date":"2021-12-18T20:41:18","date_gmt":"2021-12-18T19:41:18","guid":{"rendered":"https:\/\/zjarr.tv\/?p=225295"},"modified":"2021-12-18T20:41:18","modified_gmt":"2021-12-18T19:41:18","slug":"manjani-sot-zyrtarisht-nuli-ska-me-asnje-lidhje-me-partine-demokratike","status":"publish","type":"post","link":"https:\/\/zjarr.tv\/en\/manjani-sot-zyrtarisht-nuli-ska-me-asnje-lidhje-me-partine-demokratike\/","title":{"rendered":"Manjani: Sot zyrtarisht Nuli s\u2019ka m\u00eb asnj\u00eb lidhje me Partin\u00eb Demokratike"},"content":{"rendered":"<p>At\u00ebher\u00eb duksh\u00ebm Nuli ka humbur p\u00ebrfundimisht Partin\u00eb Demokratike.<\/p>\n<p>Ai sot kishte prezent jo m\u00eb shum\u00eb sesa 200 delegat\u00eb zyrtar\u00eb t\u00eb Kuvendit t\u00eb PD. Diferenca prej 1500 personash n\u00eb at\u00eb sall\u00eb ishin:<\/p>\n<p>1. Familjar\u00eb t\u00eb deputet\u00ebve dhe kryetar\u00ebve t\u00eb partis\u00eb q\u00eb i kan\u00eb mbetur Nulit.<\/p>\n<p>2. Disa an\u00ebtar\u00eb t\u00eb PD-s\u00eb q\u00eb ndjekon deputet\u00ebt ose kryetar\u00ebt.<\/p>\n<p>3. Mbush\u00ebs salle me pages\u00eb, t\u00eb ofruar nga \u201custallar\u00ebt\u201d e blerjes s\u00eb votave q\u00eb u kontraktuan 48 or\u00ebt e fundit\u2026<\/p>\n<p>Nd\u00ebrsa 3300 pjesmarr\u00ebs t\u00eb tjer\u00eb q\u00eb t\u00eb b\u00ebhet numuri 5000, si\u00e7 u deklarua jan\u00eb thjesht virtual\u00eb. I ka par\u00eb n\u00eb \u00ebnd\u00ebrr Nuli p\u00ebrgjat\u00eb dremitjes. Se ai dihet, fle n\u00eb k\u00ebmb\u00eb jo m\u00eb kur ulet..<\/p>\n<p>Pra me 200 delegat\u00eb dhe rreth 500 an\u00ebtar\u00eb t\u00eb PD, nuk mund t\u00eb pretendosh m\u00eb t\u00eb mbash godin\u00ebn e partis\u00eb. As p\u00ebr pallat se jep dot at\u00eb godin\u00eb me k\u00ebto shifra.<\/p>\n<p>Partin\u00eb jo e jo! Nj\u00eb sall\u00eb nuk krahasohet dot me nj\u00eb stadium. Aq m\u00eb pak me nj\u00eb referendum.<\/p>\n<p>Le pastaj t\u00eb mendosh q\u00eb ky fiton zgjedhje!!!<\/p>\n<p>Nd\u00ebrkoh\u00eb, an\u00ebtar\u00ebsia e PD ka dal\u00eb masivisht sot n\u00eb referendum duksh\u00ebm kund\u00ebr Nulit.<\/p>\n<p>Sot zyrtarisht zoti Nul ska asnj\u00eb lidhje m\u00eb me at\u00eb parti.<\/p>","protected":false},"excerpt":{"rendered":"<p>At\u00ebher\u00eb duksh\u00ebm Nuli ka humbur p\u00ebrfundimisht Partin\u00eb Demokratike. Ai sot kishte prezent jo m\u00eb shum\u00eb sesa 200 delegat\u00eb zyrtar\u00eb t\u00eb Kuvendit t\u00eb PD. Diferenca prej 1500 personash n\u00eb at\u00eb sall\u00eb ishin: 1. Familjar\u00eb t\u00eb deputet\u00ebve dhe kryetar\u00ebve t\u00eb partis\u00eb q\u00eb i kan\u00eb mbetur Nulit. 2. Disa an\u00ebtar\u00eb t\u00eb PD-s\u00eb q\u00eb ndjekon deputet\u00ebt ose kryetar\u00ebt. 3. [&hellip;]<\/p>\n","protected":false},"author":2031,"featured_media":187437,"comment_status":"closed","ping_status":"closed","sticky":false,"template":"","format":"standard","meta":{"footnotes":""},"categories":[231],"tags":[],"class_list":{"0":"post-225295","1":"post","2":"type-post","3":"status-publish","4":"format-standard","5":"has-post-thumbnail","7":"category-lajme"},"_links":{"self":[{"href":"https:\/\/zjarr.tv\/en\/wp-json\/wp\/v2\/posts\/225295","targetHints":{"allow":["GET"]}}],"collection":[{"href":"https:\/\/zjarr.tv\/en\/wp-json\/wp\/v2\/posts"}],"about":[{"href":"https:\/\/zjarr.tv\/en\/wp-json\/wp\/v2\/types\/post"}],"author":[{"embeddable":true,"href":"https:\/\/zjarr.tv\/en\/wp-json\/wp\/v2\/users\/2031"}],"replies":[{"embeddable":true,"href":"https:\/\/zjarr.tv\/en\/wp-json\/wp\/v2\/comments?post=225295"}],"version-history":[{"count":0,"href":"https:\/\/zjarr.tv\/en\/wp-json\/wp\/v2\/posts\/225295\/revisions"}],"wp:featuredmedia":[{"embeddable":true,"href":"https:\/\/zjarr.tv\/en\/wp-json\/wp\/v2\/media\/187437"}],"wp:attachment":[{"href":"https:\/\/zjarr.tv\/en\/wp-json\/wp\/v2\/media?parent=225295"}],"wp:term":[{"taxonomy":"category","embeddable":true,"href":"https:\/\/zjarr.tv\/en\/wp-json\/wp\/v2\/categories?post=225295"},{"taxonomy":"post_tag","embeddable":true,"href":"https:\/\/zjarr.tv\/en\/wp-json\/wp\/v2\/tags?post=225295"}],"curies":[{"name":"wp","href":"https:\/\/api.w.org\/{rel}","templated":true}]}}