{"id":225298,"date":"2021-12-19T07:36:11","date_gmt":"2021-12-19T06:36:11","guid":{"rendered":"https:\/\/zjarr.tv\/?p=225298"},"modified":"2021-12-19T07:36:11","modified_gmt":"2021-12-19T06:36:11","slug":"besnik-mustafaj-braktis-bashen-pozon-me-letren-e-referendumit-ne-dore-per-shkarkimin-e-tij","status":"publish","type":"post","link":"https:\/\/zjarr.tv\/en\/besnik-mustafaj-braktis-bashen-pozon-me-letren-e-referendumit-ne-dore-per-shkarkimin-e-tij\/","title":{"rendered":"Besnik Mustafaj \u201cbraktis\u201d Bash\u00ebn, pozon me letr\u00ebn e referendumit n\u00eb dor\u00eb p\u00ebr shkarkimin e tij"},"content":{"rendered":"<p>Dje u mbajt referendumi i Berish\u00ebs, p\u00ebr shkarkimin e kreut t\u00eb PD, Lulzim Basha.<\/p>\n<p>Pjese e k\u00ebtij votimi \u00ebsht\u00eb b\u00ebr\u00eb edhe ish-ministri dhe ish-deputeti i Partis\u00eb Demokratike, Besnik Mustafaj. Mustafa ka postuar n\u00eb rrjetet sociale foto, ku shihet teksa pozon me letr\u00ebn e referendumit n\u00eb dor\u00eb p\u00ebr shkarkimin e Bash\u00ebs.<\/p>\n<p>\u201cUn\u00eb votova qysh n\u00eb m\u00ebngjes. PD ishte n\u00eb referendum\u201d shkruan ai n\u00eb postimin e tij.<\/p>\n<p>Mustafaj ka votuar n\u00eb qendr\u00ebn e votimit t\u00eb Nj\u00ebsis\u00eb 9. Kujtojm\u00eb q\u00eb edhe m\u00eb her\u00ebt ai ka shprehur mb\u00ebshtetjen p\u00ebr Berish\u00ebn duke th\u00ebn\u00eb se nisma p\u00ebr rithemelimin e PD \u00ebsht\u00eb pozitive.<\/p>","protected":false},"excerpt":{"rendered":"<p>Dje u mbajt referendumi i Berish\u00ebs, p\u00ebr shkarkimin e kreut t\u00eb PD, Lulzim Basha. Pjese e k\u00ebtij votimi \u00ebsht\u00eb b\u00ebr\u00eb edhe ish-ministri dhe ish-deputeti i Partis\u00eb Demokratike, Besnik Mustafaj. Mustafa ka postuar n\u00eb rrjetet sociale foto, ku shihet teksa pozon me letr\u00ebn e referendumit n\u00eb dor\u00eb p\u00ebr shkarkimin e Bash\u00ebs. \u201cUn\u00eb votova qysh n\u00eb m\u00ebngjes. [&hellip;]<\/p>\n","protected":false},"author":2031,"featured_media":225299,"comment_status":"closed","ping_status":"closed","sticky":false,"template":"","format":"standard","meta":{"footnotes":""},"categories":[231],"tags":[],"class_list":{"0":"post-225298","1":"post","2":"type-post","3":"status-publish","4":"format-standard","5":"has-post-thumbnail","7":"category-lajme"},"_links":{"self":[{"href":"https:\/\/zjarr.tv\/en\/wp-json\/wp\/v2\/posts\/225298","targetHints":{"allow":["GET"]}}],"collection":[{"href":"https:\/\/zjarr.tv\/en\/wp-json\/wp\/v2\/posts"}],"about":[{"href":"https:\/\/zjarr.tv\/en\/wp-json\/wp\/v2\/types\/post"}],"author":[{"embeddable":true,"href":"https:\/\/zjarr.tv\/en\/wp-json\/wp\/v2\/users\/2031"}],"replies":[{"embeddable":true,"href":"https:\/\/zjarr.tv\/en\/wp-json\/wp\/v2\/comments?post=225298"}],"version-history":[{"count":0,"href":"https:\/\/zjarr.tv\/en\/wp-json\/wp\/v2\/posts\/225298\/revisions"}],"wp:featuredmedia":[{"embeddable":true,"href":"https:\/\/zjarr.tv\/en\/wp-json\/wp\/v2\/media\/225299"}],"wp:attachment":[{"href":"https:\/\/zjarr.tv\/en\/wp-json\/wp\/v2\/media?parent=225298"}],"wp:term":[{"taxonomy":"category","embeddable":true,"href":"https:\/\/zjarr.tv\/en\/wp-json\/wp\/v2\/categories?post=225298"},{"taxonomy":"post_tag","embeddable":true,"href":"https:\/\/zjarr.tv\/en\/wp-json\/wp\/v2\/tags?post=225298"}],"curies":[{"name":"wp","href":"https:\/\/api.w.org\/{rel}","templated":true}]}}