{"id":225317,"date":"2021-12-19T10:30:40","date_gmt":"2021-12-19T09:30:40","guid":{"rendered":"https:\/\/zjarr.tv\/?p=225317"},"modified":"2021-12-19T10:30:40","modified_gmt":"2021-12-19T09:30:40","slug":"ish-kryeministri-sali-berisha-e-ka-nisur-me-nje-mesazh-shprese-per-mbeshtetesit-e-tij-mengjesin-e-kesaj-te-diele","status":"publish","type":"post","link":"https:\/\/zjarr.tv\/en\/ish-kryeministri-sali-berisha-e-ka-nisur-me-nje-mesazh-shprese-per-mbeshtetesit-e-tij-mengjesin-e-kesaj-te-diele\/","title":{"rendered":"Ish-Kryeministri Sali Berisha e ka nisur me nj\u00eb mesazh shprese p\u00ebr mb\u00ebshtet\u00ebsit e tij m\u00ebngjesin e k\u00ebsaj t\u00eb diele."},"content":{"rendered":"<p>N\u00eb nj\u00eb postim n\u00eb Facebook, Berisha shkruan se \u201caty ku lind shpresa, lind fitorja\u201d. \u201cMiremengjes miq! Aty ku lind shpresa, lind fitorja! Sb\u201d, shkruan Berisha.<\/p>\n<p>Rikujtojm\u00eb se nj\u00eb dit\u00eb m\u00eb par\u00eb, Berisha mbajti nj\u00eb Referendum p\u00ebrreth Shqip\u00ebris\u00eb p\u00ebr shkarkimin e Lulzim Bash\u00ebs. Rezultatet e k\u00ebtij Referendumi pritet t\u00eb b\u00ebhen publike dit\u00ebn e sotme n\u00eb or\u00ebn 11:00. (Lexo ketu)<\/p>\n<p>Nga ana tjet\u00ebr, Lulzim Basha th\u00ebrriti dit\u00ebn e djeshme Kuvendin  Komb\u00ebtar me q\u00ebllimin p\u00ebr p\u00ebrforcimine m\u00ebtejsh\u00ebm t\u00eb pocizionit t\u00eb tij n\u00eb krye t\u00eb PD-s\u00eb, pas p\u00ebr\u00e7arjeve q\u00eb kan\u00eb lindur n\u00eb shtator t\u00eb k\u00ebtij viti kur Basha vendosi t\u00eb p\u00ebrjashtoj\u00eb Berish\u00ebn nga grupi i PD-s\u00eb.<\/p>","protected":false},"excerpt":{"rendered":"<p>N\u00eb nj\u00eb postim n\u00eb Facebook, Berisha shkruan se \u201caty ku lind shpresa, lind fitorja\u201d. \u201cMiremengjes miq! Aty ku lind shpresa, lind fitorja! Sb\u201d, shkruan Berisha. Rikujtojm\u00eb se nj\u00eb dit\u00eb m\u00eb par\u00eb, Berisha mbajti nj\u00eb Referendum p\u00ebrreth Shqip\u00ebris\u00eb p\u00ebr shkarkimin e Lulzim Bash\u00ebs. Rezultatet e k\u00ebtij Referendumi pritet t\u00eb b\u00ebhen publike dit\u00ebn e sotme n\u00eb or\u00ebn [&hellip;]<\/p>\n","protected":false},"author":2031,"featured_media":208004,"comment_status":"closed","ping_status":"closed","sticky":false,"template":"","format":"standard","meta":{"footnotes":""},"categories":[231],"tags":[],"class_list":{"0":"post-225317","1":"post","2":"type-post","3":"status-publish","4":"format-standard","5":"has-post-thumbnail","7":"category-lajme"},"_links":{"self":[{"href":"https:\/\/zjarr.tv\/en\/wp-json\/wp\/v2\/posts\/225317","targetHints":{"allow":["GET"]}}],"collection":[{"href":"https:\/\/zjarr.tv\/en\/wp-json\/wp\/v2\/posts"}],"about":[{"href":"https:\/\/zjarr.tv\/en\/wp-json\/wp\/v2\/types\/post"}],"author":[{"embeddable":true,"href":"https:\/\/zjarr.tv\/en\/wp-json\/wp\/v2\/users\/2031"}],"replies":[{"embeddable":true,"href":"https:\/\/zjarr.tv\/en\/wp-json\/wp\/v2\/comments?post=225317"}],"version-history":[{"count":0,"href":"https:\/\/zjarr.tv\/en\/wp-json\/wp\/v2\/posts\/225317\/revisions"}],"wp:featuredmedia":[{"embeddable":true,"href":"https:\/\/zjarr.tv\/en\/wp-json\/wp\/v2\/media\/208004"}],"wp:attachment":[{"href":"https:\/\/zjarr.tv\/en\/wp-json\/wp\/v2\/media?parent=225317"}],"wp:term":[{"taxonomy":"category","embeddable":true,"href":"https:\/\/zjarr.tv\/en\/wp-json\/wp\/v2\/categories?post=225317"},{"taxonomy":"post_tag","embeddable":true,"href":"https:\/\/zjarr.tv\/en\/wp-json\/wp\/v2\/tags?post=225317"}],"curies":[{"name":"wp","href":"https:\/\/api.w.org\/{rel}","templated":true}]}}