{"id":225320,"date":"2021-12-19T10:47:33","date_gmt":"2021-12-19T09:47:33","guid":{"rendered":"https:\/\/zjarr.tv\/?p=225320"},"modified":"2021-12-19T10:47:33","modified_gmt":"2021-12-19T09:47:33","slug":"e-bere-qeverisjen-sic-deshe-vete-kryemadhi-i-drejtohet-ashper-rames-mbyll-gojen-e-ler-spak-un-te-shprehet","status":"publish","type":"post","link":"https:\/\/zjarr.tv\/en\/e-bere-qeverisjen-sic-deshe-vete-kryemadhi-i-drejtohet-ashper-rames-mbyll-gojen-e-ler-spak-un-te-shprehet\/","title":{"rendered":"\u201cE b\u00ebre qeverisjen si\u00e7 deshe vet\u00eb\u201d, Kryemadhi i drejtohet ashp\u00ebr Ram\u00ebs: Mbyll goj\u00ebn e l\u00ebr SPAK-un t\u00eb shprehet"},"content":{"rendered":"<p>Kryetarja e LSI, Monika Kryemadhi ka reagur s\u00ebrish p\u00ebr incenerator\u00ebt, k\u00ebt\u00eb her\u00eb duke hedhur akuza mbi kryeministrin Edi Rama. Kryemadhi ka postuar nj\u00eb video, ku n\u00eb nj\u00eb moment tregon se Rama vendos. N\u00eb postim ajo thot\u00eb se qeveria e ka b\u00ebr\u00eb si ka dashur, por q\u00eb tani duhet t\u00eb mbyll\u00eb goj\u00ebn dhe t\u00eb l\u00ebr\u00eb SPAK-un t\u00eb flas\u00eb.<\/p>\n<p>\u201cE b\u00ebre qeverisjen si\u00e7 deshe vet\u00eb, tani t\u00eb pakt\u00ebn mos fol. Mbyll goj\u00ebn e l\u00ebr SPAK-un t\u00eb shprehet!\u201dshkruan Kryemadhi n\u00eb postimin e saj.<\/p>\n<p>Kujtojm\u00eb q\u00eb reagimet e nj\u00ebpasnj\u00ebshme t\u00eb kryetares s\u00eb LSI vijn\u00eb pas arrestimit t\u00eb ish-ministrit t\u00eb Mjedisit, Lefer Koka, i cili u arresta nga SPAK disa dit\u00eb m\u00eb par\u00eb , lidhur me \u00e7\u00ebshtjen e incenerator\u00ebve.<\/p>\n<p>LSI Partia e cila e b\u00ebri dhe minist\u00ebr Mjedisi n\u00eb vitit 2013-2017, e akuzon Lefter Kok\u00ebn se ka shkelur ligjin p\u00ebr incenerator\u00ebt q\u00eb jan\u00eb nd\u00ebrtuar n\u00eb vend.<\/p>","protected":false},"excerpt":{"rendered":"<p>Kryetarja e LSI, Monika Kryemadhi ka reagur s\u00ebrish p\u00ebr incenerator\u00ebt, k\u00ebt\u00eb her\u00eb duke hedhur akuza mbi kryeministrin Edi Rama. Kryemadhi ka postuar nj\u00eb video, ku n\u00eb nj\u00eb moment tregon se Rama vendos. N\u00eb postim ajo thot\u00eb se qeveria e ka b\u00ebr\u00eb si ka dashur, por q\u00eb tani duhet t\u00eb mbyll\u00eb goj\u00ebn dhe t\u00eb l\u00ebr\u00eb SPAK-un [&hellip;]<\/p>\n","protected":false},"author":2030,"featured_media":173634,"comment_status":"closed","ping_status":"closed","sticky":false,"template":"","format":"standard","meta":{"footnotes":""},"categories":[241,3366,1454],"tags":[],"class_list":{"0":"post-225320","1":"post","2":"type-post","3":"status-publish","4":"format-standard","5":"has-post-thumbnail","7":"category-aktualitet","8":"category-koment","9":"category-politike"},"_links":{"self":[{"href":"https:\/\/zjarr.tv\/en\/wp-json\/wp\/v2\/posts\/225320","targetHints":{"allow":["GET"]}}],"collection":[{"href":"https:\/\/zjarr.tv\/en\/wp-json\/wp\/v2\/posts"}],"about":[{"href":"https:\/\/zjarr.tv\/en\/wp-json\/wp\/v2\/types\/post"}],"author":[{"embeddable":true,"href":"https:\/\/zjarr.tv\/en\/wp-json\/wp\/v2\/users\/2030"}],"replies":[{"embeddable":true,"href":"https:\/\/zjarr.tv\/en\/wp-json\/wp\/v2\/comments?post=225320"}],"version-history":[{"count":0,"href":"https:\/\/zjarr.tv\/en\/wp-json\/wp\/v2\/posts\/225320\/revisions"}],"wp:featuredmedia":[{"embeddable":true,"href":"https:\/\/zjarr.tv\/en\/wp-json\/wp\/v2\/media\/173634"}],"wp:attachment":[{"href":"https:\/\/zjarr.tv\/en\/wp-json\/wp\/v2\/media?parent=225320"}],"wp:term":[{"taxonomy":"category","embeddable":true,"href":"https:\/\/zjarr.tv\/en\/wp-json\/wp\/v2\/categories?post=225320"},{"taxonomy":"post_tag","embeddable":true,"href":"https:\/\/zjarr.tv\/en\/wp-json\/wp\/v2\/tags?post=225320"}],"curies":[{"name":"wp","href":"https:\/\/api.w.org\/{rel}","templated":true}]}}