{"id":225327,"date":"2021-12-19T11:05:15","date_gmt":"2021-12-19T10:05:15","guid":{"rendered":"https:\/\/zjarr.tv\/?p=225327"},"modified":"2021-12-19T11:05:15","modified_gmt":"2021-12-19T10:05:15","slug":"grida-duma-i-drejtohet-berishes-boll-je-kthyer-ne-manipulator-ndjenjash-nuk-do-djegim-jorganin-e-vlerave-te-pd-se-per-pleshtin-e-interesit-tend-personal","status":"publish","type":"post","link":"https:\/\/zjarr.tv\/en\/grida-duma-i-drejtohet-berishes-boll-je-kthyer-ne-manipulator-ndjenjash-nuk-do-djegim-jorganin-e-vlerave-te-pd-se-per-pleshtin-e-interesit-tend-personal\/","title":{"rendered":"Grida Duma i drejtohet Berish\u00ebs: Boll! Je kthyer n\u00eb manipulator ndjenjash, nuk do djegim jorganin e vlerave t\u00eb PD-s\u00eb p\u00ebr pleshtin e interesit t\u00ebnd personal"},"content":{"rendered":"<p>N\u00ebnkryetarja e Partis\u00eb Demokratike, Grida Duma, i \u00ebsht\u00eb drejtuar liderit historik Sali Berisha nga Kuvendi Komb\u00ebtar n\u00eb Pallatin e Kongreseve, duke i th\u00ebn\u00eb se ka humbur autoritetin moral dhe t\u00eb drejt\u00ebn p\u00ebr t\u00eb qen\u00eb edhe kritik i opozit\u00ebs.<\/p>\n<p>Ajo u shpreh se Berisha \u00ebsht\u00eb kthyer n\u00eb nj\u00eb manipulator ndjenjash njer\u00ebzore t\u00eb atyre q\u00eb vet\u00ebm jet\u00ebn ngel\u00ebn pa i dh\u00ebn\u00eb n\u00eb 30 vite, por shtoi se PD nuk do t\u00eb djeg\u00eb \u201cjorganin\u201d e vlerave p\u00ebr \u201cpleshtin\u201d e interesit personal t\u00eb Berish\u00ebs.<\/p>\n<p>\u201cNga sot, Lulzim Basha duhet t\u00eb jet\u00eb me t\u00eb gjith\u00eb demokrat\u00ebt, vet\u00ebm me Sali Berish\u00ebn jo. T\u00eb cilit ia them k\u00ebtu sot dhe n\u00eb sy nes\u00ebr kudo qoft\u00eb, p\u00ebr mua jo vet\u00ebm ka humbur autoritetin moral, por edhe t\u00eb drejt\u00ebn p\u00ebr t\u00eb qen\u00eb me gjasme kritiku i saj. Duke v\u00ebn\u00eb interesin e tij personal mbi PD dhe Shqi\u00ebprin\u00eb, \u00ebsht\u00eb kthyer n\u00eb manipulator ndjenjash njer\u00ebzore t\u00eb atyre q\u00eb vet\u00ebm jet\u00ebn ngel\u00ebn pa i dh\u00ebn\u00eb n\u00eb 30 vite. Boll! P\u00ebr pleshtin e interesit t\u00eb tij personal, nuk do djegim jorganin e vlerave t\u00eb PD-s\u00eb\u201d, tha Grida Duma.<\/p>","protected":false},"excerpt":{"rendered":"<p>N\u00ebnkryetarja e Partis\u00eb Demokratike, Grida Duma, i \u00ebsht\u00eb drejtuar liderit historik Sali Berisha nga Kuvendi Komb\u00ebtar n\u00eb Pallatin e Kongreseve, duke i th\u00ebn\u00eb se ka humbur autoritetin moral dhe t\u00eb drejt\u00ebn p\u00ebr t\u00eb qen\u00eb edhe kritik i opozit\u00ebs. Ajo u shpreh se Berisha \u00ebsht\u00eb kthyer n\u00eb nj\u00eb manipulator ndjenjash njer\u00ebzore t\u00eb atyre q\u00eb vet\u00ebm jet\u00ebn [&hellip;]<\/p>\n","protected":false},"author":2030,"featured_media":225255,"comment_status":"closed","ping_status":"closed","sticky":false,"template":"","format":"standard","meta":{"footnotes":""},"categories":[241,3366,5380,231,1454],"tags":[],"class_list":{"0":"post-225327","1":"post","2":"type-post","3":"status-publish","4":"format-standard","5":"has-post-thumbnail","7":"category-aktualitet","8":"category-koment","9":"category-kryesore","10":"category-lajme","11":"category-politike"},"_links":{"self":[{"href":"https:\/\/zjarr.tv\/en\/wp-json\/wp\/v2\/posts\/225327","targetHints":{"allow":["GET"]}}],"collection":[{"href":"https:\/\/zjarr.tv\/en\/wp-json\/wp\/v2\/posts"}],"about":[{"href":"https:\/\/zjarr.tv\/en\/wp-json\/wp\/v2\/types\/post"}],"author":[{"embeddable":true,"href":"https:\/\/zjarr.tv\/en\/wp-json\/wp\/v2\/users\/2030"}],"replies":[{"embeddable":true,"href":"https:\/\/zjarr.tv\/en\/wp-json\/wp\/v2\/comments?post=225327"}],"version-history":[{"count":0,"href":"https:\/\/zjarr.tv\/en\/wp-json\/wp\/v2\/posts\/225327\/revisions"}],"wp:featuredmedia":[{"embeddable":true,"href":"https:\/\/zjarr.tv\/en\/wp-json\/wp\/v2\/media\/225255"}],"wp:attachment":[{"href":"https:\/\/zjarr.tv\/en\/wp-json\/wp\/v2\/media?parent=225327"}],"wp:term":[{"taxonomy":"category","embeddable":true,"href":"https:\/\/zjarr.tv\/en\/wp-json\/wp\/v2\/categories?post=225327"},{"taxonomy":"post_tag","embeddable":true,"href":"https:\/\/zjarr.tv\/en\/wp-json\/wp\/v2\/tags?post=225327"}],"curies":[{"name":"wp","href":"https:\/\/api.w.org\/{rel}","templated":true}]}}