{"id":225334,"date":"2021-12-19T11:21:39","date_gmt":"2021-12-19T10:21:39","guid":{"rendered":"https:\/\/zjarr.tv\/?p=225334"},"modified":"2021-12-19T11:21:39","modified_gmt":"2021-12-19T10:21:39","slug":"berisha-thirrje-rames-nuk-e-ndal-revolucionin-tone-te-henen-iu-ftoj-te-protestojme-para-kryeministrise","status":"publish","type":"post","link":"https:\/\/zjarr.tv\/en\/berisha-thirrje-rames-nuk-e-ndal-revolucionin-tone-te-henen-iu-ftoj-te-protestojme-para-kryeministrise\/","title":{"rendered":"Berisha thirrje Ram\u00ebs: Nuk e ndal revolucionin ton\u00eb, t\u00eb h\u00ebn\u00ebn iu ftoj t\u00eb protestojm\u00eb para kryeministris\u00eb"},"content":{"rendered":"<p>N\u00eb konferenc\u00ebn e tij me gazetar\u00ebt, ish-kryeministri Sali Berisha ka dh\u00ebn\u00eb 3 sugjerimet e tij, pavar\u00ebsisht rezultateve t\u00eb referendumit p\u00ebr shkarkimin e Lulzim Bash\u00ebs. Berisha tha se 44 mij\u00eb an\u00ebtar\u00eb t\u00eb PD-s\u00eb votuan sot p\u00ebr shkarkimin e Bash\u00ebs. Ai ftoi deputet\u00ebt e PD-s\u00eb q\u00eb t\u00eb marrin list\u00ebn e plot\u00eb t\u00eb delegt\u00ebve dhe t\u00eb ballafaqohet me rezultatet. Nd\u00ebr t\u00eb tjera ish-lideri historik iu b\u00ebri thirrje demokrat\u00ebve q\u00eb t\u00eb mblidhen dit\u00ebn e h\u00ebn\u00eb para kryeminsitris\u00eb p\u00ebr t\u00eb protestuar kund\u00ebr ardhjes s\u00eb presidentit serb Aleksand\u00ebr Vu\u00e7i\u00e7.<\/p>\n<p>Berisha: Me lejoni t\u00eb shpreh mir\u00ebnjohje t\u00eb pakufijshme p\u00ebr pjes\u00ebmarrje e jasht\u00ebzakonshme. Iu kujtoj se n\u00eb nj\u00eb proces t\u00eb manipuluar Lulzim Brava u votua nga 32 mij\u00eb an\u00ebtar\u00eb, sot kund\u00ebr tij kan\u00eb votuar si qytetar\u00eb t\u00eb lir\u00eb rreth 44 mij\u00eb an\u00ebtar\u00eb t\u00eb PD-s\u00eb.Kjo d\u00ebshmon se deputeti Basha ka humbur \u00e7do lloj besimi dhe \u00ebsht\u00eb gjykuar ashp\u00ebr nga PD n\u00eb referendumin e saj t\u00eb par\u00eb t\u00eb thirrur nga an\u00ebtar\u00ebsia. Por un\u00eb kam sugjerimet e mia:<\/p>\n<p>\u00c7do deputeti t\u00eb PD e ftoj t\u00eb marr\u00eb list\u00ebn e plot\u00eb t\u00eb an\u00ebtar\u00ebsis\u00eb q\u00eb ka votuar dhe t\u00eb votave, q\u00eb t\u00eb ballafaqoj\u00eb veten me p\u00ebrgjegj\u00ebsit\u00eb q\u00eb ka ndaj votuesve. Mos besoni numrat, se na statistik\u00ebn e tij nuk asgj\u00eb t\u00eb sakt\u00eb. Numrin ua kap\u00ebn mediet, vendos\u00ebn t\u00eb falsifikojn\u00eb p\u00ebrmes zyr\u00ebs s\u00eb Ram\u00ebs numrin e karrigeve t\u00eb Pallatit t\u00eb Kongreseve dhe publikuan shifra t\u00eb paimagjinueshme, por revolucioni sakt\u00ebson gjithcka. Ftoj\u00a0 \u00e7do deputet t\u00eb marr\u00eb list\u00ebn dhe t\u00eb kontrollj\u00eb an\u00ebtar\u00ebsin\u00eb dhe t\u00eb nxjerr\u00eb konkluzionet e duhura. Un\u00eb iu them se PD kaloi kriz\u00ebn m\u00eb t\u00eb thell\u00eb, un\u00eb u them t\u00eb mos sillen m\u00eb si njer\u00ebz pa vizion politik, nj\u00eb pjes\u00eb e tyre kan\u00eb qen\u00eb zyrtar\u00eb tek un\u00eb.Un\u00eb di q\u00ebndrimet e tyre, por referendumi \u00ebsht\u00eb apel i madh p\u00ebr nd\u00ebrgjegjen e tij politike. S\u00eb dyti ftoj krer\u00ebt e deg\u00ebve t\u00eb vijn\u00eb t\u00eb marrin procesverbalet e votimit t\u00eb ant\u00ebr\u00ebsis\u00eb s\u00eb tyre dhe t\u00eb heqin dor\u00eb nga ai skenar.<\/p>\n<p>S\u00eb treti u them atyre q\u00eb kan\u00eb b\u00ebr\u00eb gati, m\u00eb falni p\u00ebr shprehjen \u201cato p\u00ebr karrige qeveritare\u201d, hiqni dor\u00eb nga ky skenar se revolucioni do t\u2019u fshij\u00eb ju. Rikthehuni n\u00eb sht\u00ebpin\u00eb tuaj. PD \u00ebsht\u00eb sht\u00ebpia e liris\u00eb. Ju e pat\u00eb historin\u00eb e turpit t\u00eb sot\u00ebm, si ishin mbledhur f\u00ebmij\u00eb, q\u00eb s\u2019kan\u00eb lidhje me k\u00ebt\u00eb forc\u00eb politike. Ky \u00ebsht\u00eb skenar destabilizues p\u00ebr vendin. I them Ram\u00ebs q\u00eb k\u00ebt\u00eb revolucion nuk mund ta ndalosh dhe ta mposht\u00ebs. I them Edi Ram\u00ebs, revolucioni po troket n\u00eb duart e kalbuara t\u00eb nd\u00ebrtes\u00ebs t\u00ebnd\u00eb, leri loj\u00ebrat. Revolucioni \u00ebsht\u00eb i gatsh\u00ebm t\u00eb p\u00ebrballet me \u00e7do penges\u00eb, i cili do vet\u00ebm t\u2019u kthej\u00eb shqiptar\u00ebve vot\u00ebn e lir\u00eb. U b\u00ebj thirrje shqiptar\u00ebve dhe t\u00eb gjith\u00eb demokrat\u00ebve dit\u00ebn e h\u00ebn\u00eb n\u00eb ora 16:00 pasdite t\u00eb mblidhemi para kryeminsitris\u00eb n\u00eb protest\u00ebn e par\u00eb komb\u00ebtare. Slobodani I ri do t\u00eb pritet ashtu sic e meriton me protesta, pasi vjen k\u00ebtu n\u00eb kuadrin e nj\u00eb projekti t\u00eb nj\u00eb aleance, kjo aleanc\u00eb \u00ebsht\u00eb k\u00ebrc\u00ebnim p\u00ebr rajonin dhe hapje e influenc\u00ebs ruse. Ne jemi p\u00ebr bashk\u00ebpunim e shk\u00eblqyer rajonal, por i them atij jepi fund loj\u00ebrave.<\/p>","protected":false},"excerpt":{"rendered":"<p>N\u00eb konferenc\u00ebn e tij me gazetar\u00ebt, ish-kryeministri Sali Berisha ka dh\u00ebn\u00eb 3 sugjerimet e tij, pavar\u00ebsisht rezultateve t\u00eb referendumit p\u00ebr shkarkimin e Lulzim Bash\u00ebs. Berisha tha se 44 mij\u00eb an\u00ebtar\u00eb t\u00eb PD-s\u00eb votuan sot p\u00ebr shkarkimin e Bash\u00ebs. Ai ftoi deputet\u00ebt e PD-s\u00eb q\u00eb t\u00eb marrin list\u00ebn e plot\u00eb t\u00eb delegt\u00ebve dhe t\u00eb ballafaqohet me [&hellip;]<\/p>\n","protected":false},"author":2030,"featured_media":225335,"comment_status":"closed","ping_status":"closed","sticky":false,"template":"","format":"standard","meta":{"footnotes":""},"categories":[241,3366,5380,1454],"tags":[],"class_list":{"0":"post-225334","1":"post","2":"type-post","3":"status-publish","4":"format-standard","5":"has-post-thumbnail","7":"category-aktualitet","8":"category-koment","9":"category-kryesore","10":"category-politike"},"_links":{"self":[{"href":"https:\/\/zjarr.tv\/en\/wp-json\/wp\/v2\/posts\/225334","targetHints":{"allow":["GET"]}}],"collection":[{"href":"https:\/\/zjarr.tv\/en\/wp-json\/wp\/v2\/posts"}],"about":[{"href":"https:\/\/zjarr.tv\/en\/wp-json\/wp\/v2\/types\/post"}],"author":[{"embeddable":true,"href":"https:\/\/zjarr.tv\/en\/wp-json\/wp\/v2\/users\/2030"}],"replies":[{"embeddable":true,"href":"https:\/\/zjarr.tv\/en\/wp-json\/wp\/v2\/comments?post=225334"}],"version-history":[{"count":0,"href":"https:\/\/zjarr.tv\/en\/wp-json\/wp\/v2\/posts\/225334\/revisions"}],"wp:featuredmedia":[{"embeddable":true,"href":"https:\/\/zjarr.tv\/en\/wp-json\/wp\/v2\/media\/225335"}],"wp:attachment":[{"href":"https:\/\/zjarr.tv\/en\/wp-json\/wp\/v2\/media?parent=225334"}],"wp:term":[{"taxonomy":"category","embeddable":true,"href":"https:\/\/zjarr.tv\/en\/wp-json\/wp\/v2\/categories?post=225334"},{"taxonomy":"post_tag","embeddable":true,"href":"https:\/\/zjarr.tv\/en\/wp-json\/wp\/v2\/tags?post=225334"}],"curies":[{"name":"wp","href":"https:\/\/api.w.org\/{rel}","templated":true}]}}