{"id":225511,"date":"2021-12-20T12:04:51","date_gmt":"2021-12-20T11:04:51","guid":{"rendered":"https:\/\/zjarr.tv\/?p=225511"},"modified":"2021-12-20T12:04:51","modified_gmt":"2021-12-20T11:04:51","slug":"disa-ore-nga-protesta-berisha-paralajmeron-serish-vucic-in-mos-mendo-te-vish-ne-tirane","status":"publish","type":"post","link":"https:\/\/zjarr.tv\/en\/disa-ore-nga-protesta-berisha-paralajmeron-serish-vucic-in-mos-mendo-te-vish-ne-tirane\/","title":{"rendered":"Disa or\u00eb nga protesta, Berisha paralajm\u00ebron s\u00ebrish Vu\u00e7i\u00e7-in: Mos mendo t\u00eb vish n\u00eb Tiran\u00eb!"},"content":{"rendered":"<p>N\u00eb prag t\u00eb protest\u00ebs s\u00eb dit\u00ebs s\u00eb sotme, e cila do t\u00eb mbahet n\u00eb or\u00ebn 16:00, ish-kryeministri Sali Berisha ka publikuar nj\u00eb video duke i b\u00ebr\u00eb nj\u00eb thirrje t\u00eb fundit t\u00eb gjith\u00eb qytetar\u00ebve q\u00eb t\u00eb marrin pjes\u00eb n\u00eb protes\u00eb.<\/p>\n<p>\u201c\u00cbsht\u00eb Ballkani i interesave antikomb\u00ebtare, zotohemi t\u2019i japim fund k\u00ebtij procesi. Paralajm\u00ebroj Geb\u00eblsin e Milloshevi\u00e7it apo Sllobodanin e ri, p\u00ebr Ballkanin e Hapur mos mendo t\u00eb vish ndonj\u00ebher\u00eb n\u00eb Tiran\u00eb. Sheshet dhe rrug\u00ebt do t\u2019i kesh plot kund\u00ebr teje\u201d, deklaroi Berisha.<\/p>\n<p>N\u00eb Kuvendin e Rithemelimit, Berisha b\u00ebri thirrje p\u00ebr t\u00eb pritur me protesta presidentin serb, Aleksand\u00ebr Vu\u00e7i\u00e7. Vu\u00e7i\u00e7 dhe Zaev n\u00eb kuad\u00ebr t\u00eb \u201cBallkanit t\u00eb Hapur\u201d do t\u00eb vizitojn\u00eb sot Shqip\u00ebrin\u00eb.<\/p>","protected":false},"excerpt":{"rendered":"<p>N\u00eb prag t\u00eb protest\u00ebs s\u00eb dit\u00ebs s\u00eb sotme, e cila do t\u00eb mbahet n\u00eb or\u00ebn 16:00, ish-kryeministri Sali Berisha ka publikuar nj\u00eb video duke i b\u00ebr\u00eb nj\u00eb thirrje t\u00eb fundit t\u00eb gjith\u00eb qytetar\u00ebve q\u00eb t\u00eb marrin pjes\u00eb n\u00eb protes\u00eb. \u201c\u00cbsht\u00eb Ballkani i interesave antikomb\u00ebtare, zotohemi t\u2019i japim fund k\u00ebtij procesi. Paralajm\u00ebroj Geb\u00eblsin e Milloshevi\u00e7it apo [&hellip;]<\/p>\n","protected":false},"author":2030,"featured_media":225512,"comment_status":"closed","ping_status":"closed","sticky":false,"template":"","format":"standard","meta":{"footnotes":""},"categories":[241,1454],"tags":[],"class_list":{"0":"post-225511","1":"post","2":"type-post","3":"status-publish","4":"format-standard","5":"has-post-thumbnail","7":"category-aktualitet","8":"category-politike"},"_links":{"self":[{"href":"https:\/\/zjarr.tv\/en\/wp-json\/wp\/v2\/posts\/225511","targetHints":{"allow":["GET"]}}],"collection":[{"href":"https:\/\/zjarr.tv\/en\/wp-json\/wp\/v2\/posts"}],"about":[{"href":"https:\/\/zjarr.tv\/en\/wp-json\/wp\/v2\/types\/post"}],"author":[{"embeddable":true,"href":"https:\/\/zjarr.tv\/en\/wp-json\/wp\/v2\/users\/2030"}],"replies":[{"embeddable":true,"href":"https:\/\/zjarr.tv\/en\/wp-json\/wp\/v2\/comments?post=225511"}],"version-history":[{"count":0,"href":"https:\/\/zjarr.tv\/en\/wp-json\/wp\/v2\/posts\/225511\/revisions"}],"wp:featuredmedia":[{"embeddable":true,"href":"https:\/\/zjarr.tv\/en\/wp-json\/wp\/v2\/media\/225512"}],"wp:attachment":[{"href":"https:\/\/zjarr.tv\/en\/wp-json\/wp\/v2\/media?parent=225511"}],"wp:term":[{"taxonomy":"category","embeddable":true,"href":"https:\/\/zjarr.tv\/en\/wp-json\/wp\/v2\/categories?post=225511"},{"taxonomy":"post_tag","embeddable":true,"href":"https:\/\/zjarr.tv\/en\/wp-json\/wp\/v2\/tags?post=225511"}],"curies":[{"name":"wp","href":"https:\/\/api.w.org\/{rel}","templated":true}]}}