{"id":225783,"date":"2021-12-20T22:15:40","date_gmt":"2021-12-20T21:15:40","guid":{"rendered":"https:\/\/zjarr.tv\/?p=225783"},"modified":"2021-12-20T22:15:40","modified_gmt":"2021-12-20T21:15:40","slug":"ylli-rakipi-gozhdon-salianjin-ku-i-futet-5004-delegatet-deputeti-disa-votuan-ne-korridor","status":"publish","type":"post","link":"https:\/\/zjarr.tv\/en\/ylli-rakipi-gozhdon-salianjin-ku-i-futet-5004-delegatet-deputeti-disa-votuan-ne-korridor\/","title":{"rendered":"Ylli Rakipi &#8216;gozhdon&#8217; Salianjin: Ku i fut\u00ebt 5004 delegat\u00ebt? Deputeti: Disa votuan n\u00eb korridor"},"content":{"rendered":"<p>Deputeti i Partis\u00eb Demokratike, Ervin Salianji, n\u00eb nj\u00eb lidhje direkte me emisionin &#8220;T\u00eb Paekspozuarit&#8221; n\u00eb MCN TV, ka folur p\u00ebr Kuvendin e Lulzim Bash\u00ebs n\u00eb dat\u00ebn 18 dhjetor, Kuvend i shoq\u00ebruar nga shum\u00eb polemika lidhur me pjes\u00ebmarrjen. <\/p>\n<p>I pyetur nga gazetar\u00ebt n\u00eb studio, Salianji k\u00ebmb\u00ebnguli se n\u00eb Pallatin e Kongreseve kishte 5004 delegat\u00eb, madje ai tha se n\u00eb sall\u00eb ka patur m\u00eb shum\u00eb se 5004 vet\u00eb, sepse kishte edhe militant\u00eb dhe simpatizant\u00eb, p\u00ebrfshir\u00eb f\u00ebmij\u00eb. <\/p>\n<p>Ylli Rakipi: Jemin Gjana deklaroi se kishte 5004 delegat\u00eb n\u00eb sall\u00eb. Ku i fut\u00ebt gjith\u00eb k\u00ebta? <\/p>\n<p>Salianji: 5004 delegat\u00ebt u fut\u00ebn n\u00eb sall\u00ebn e Pallatit t\u00eb Kongreseve, n\u00eb ambientet p\u00ebrreth dhe sallat e Pallatit t\u00eb Kongreseve. Emrat i ka publikuar Partia Demokratike nj\u00eb m\u00eb nj\u00eb. Nuk \u00ebsht\u00eb takimi i par\u00eb, kur jan\u00eb diku te 7600 delegat\u00eb n\u00eb total.<\/p>\n<p> Nuk ka patur ndonj\u00ebher\u00eb kontestim. Ishte e qart\u00eb dhe nuk e di p\u00ebrse ka k\u00ebt\u00eb zhurm\u00eb. Nga ana tjet\u00ebr n\u00eb mitingun e dat\u00ebs 11, nuk pati kamera dhe nuk pati transparenc\u00eb, pati kuti q\u00eb mbusheshin.<\/p>\n<p>Ylli Rakipi: Ju thoni eg\u00ebrsisht q\u00eb jan\u00eb vjedhur zgjedhjet e 25 prillit. Ka b\u00ebr\u00eb vjedhje industrial Edi Rama thoni ju. Nd\u00ebrkoh\u00eb, ju keni nj\u00eb kongres q\u00eb merr vet\u00ebm 1958 njer\u00ebz dhe thoni erdh\u00ebn 5004 delegat\u00eb. N\u00ebse \u00ebsht\u00eb k\u00ebshtu, m\u00eb mir\u00eb t\u00eb rrij\u00eb Edi Rama sesa ju q\u00eb trefishoni delegat\u00ebt p\u00ebr t\u00eb zgjedhur vet\u00ebveten. Si mund t\u00eb shash Edi Ram\u00ebn, kur b\u00ebn k\u00ebt\u00eb? <\/p>\n<p>Ervin Salianji: N\u00eb sall\u00ebn e Pallatit t\u00eb Kongresit ka patur edhe delegat\u00eb edhe militant\u00eb. Ata q\u00eb kan\u00eb votuar, kan\u00eb vendosur firm\u00ebn n\u00eb nj\u00eb list\u00eb n\u00eb 12 komisione.<\/p>\n<p>Ylli Rakipi: Pra ishin mbi 5004 vet\u00eb?<\/p>\n<p>Ervin Salianji: Shumica \u00ebsht\u00eb p\u00ebrcaktuar qart\u00eb, ashtu \u00ebsht\u00eb votuar gjithmon\u00eb n\u00eb PD. Ka patur element shtes\u00eb p\u00ebr shkak t\u00eb skepticizmit. Kaq mund t\u2019ju them p\u00ebr legjitimitetin e atij kuvendi, q\u00eb nuk \u00ebsht\u00eb vendosur n\u00eb diskutim nga askush. Emrat jan\u00eb lexuar sot publikisht, p\u00ebr rreth tre or\u00eb.<\/p>\n<p>Ylli Rakipi: Mazhoranca ka vendosur q\u00eb replikat n\u00eb parlament me Lulin ti delegohen Elisa Spiropalit. Ata pretendojn\u00eb se nuk ka legjitimitet Basha.<\/p>\n<p>Ervin Salianji: Lajm i mir\u00eb \u00ebsht\u00eb. N\u00ebse nuk njohin legjitimitetin, dometh\u00ebn\u00eb ata e kan\u00eb problem. Lajm pozitiv \u00ebsht\u00eb p\u00ebr demokrat\u00ebt.<\/p>\n<p>Ervin Salianji: Mbase nuk e keni ndjekur, por kamerat kan\u00eb qen\u00eb edhe n\u00eb korridor dhe ka qen\u00eb e lidhur me pjes\u00ebn e ambienteve t\u00eb brenshme t\u00eb Kuvendit.<\/p>\n<p>Mentor Kikia: Nuk kan\u00eb votuar n\u00eb korridor.<\/p>\n<p>Ervin Salianji: Padiskutim q\u00eb po, kan\u00eb patur kartonin. Kan\u00eb qen\u00eb mediat live gjith\u00eb koh\u00ebn. \u00cbsht\u00eb procedur\u00eb q\u00eb ka ndodhur p\u00ebrher\u00eb n\u00eb Kuvendet e PD.<\/p>\n<p>\u00a9 SYRI.net<\/p>","protected":false},"excerpt":{"rendered":"<p>Deputeti i Partis\u00eb Demokratike, Ervin Salianji, n\u00eb nj\u00eb lidhje direkte me emisionin &#8220;T\u00eb Paekspozuarit&#8221; n\u00eb MCN TV, ka folur p\u00ebr Kuvendin e Lulzim Bash\u00ebs n\u00eb dat\u00ebn 18 dhjetor, Kuvend i shoq\u00ebruar nga shum\u00eb polemika lidhur me pjes\u00ebmarrjen. I pyetur nga gazetar\u00ebt n\u00eb studio, Salianji k\u00ebmb\u00ebnguli se n\u00eb Pallatin e Kongreseve kishte 5004 delegat\u00eb, madje ai [&hellip;]<\/p>\n","protected":false},"author":2031,"featured_media":225785,"comment_status":"closed","ping_status":"closed","sticky":false,"template":"","format":"standard","meta":{"footnotes":""},"categories":[231],"tags":[],"class_list":{"0":"post-225783","1":"post","2":"type-post","3":"status-publish","4":"format-standard","5":"has-post-thumbnail","7":"category-lajme"},"_links":{"self":[{"href":"https:\/\/zjarr.tv\/en\/wp-json\/wp\/v2\/posts\/225783","targetHints":{"allow":["GET"]}}],"collection":[{"href":"https:\/\/zjarr.tv\/en\/wp-json\/wp\/v2\/posts"}],"about":[{"href":"https:\/\/zjarr.tv\/en\/wp-json\/wp\/v2\/types\/post"}],"author":[{"embeddable":true,"href":"https:\/\/zjarr.tv\/en\/wp-json\/wp\/v2\/users\/2031"}],"replies":[{"embeddable":true,"href":"https:\/\/zjarr.tv\/en\/wp-json\/wp\/v2\/comments?post=225783"}],"version-history":[{"count":0,"href":"https:\/\/zjarr.tv\/en\/wp-json\/wp\/v2\/posts\/225783\/revisions"}],"wp:featuredmedia":[{"embeddable":true,"href":"https:\/\/zjarr.tv\/en\/wp-json\/wp\/v2\/media\/225785"}],"wp:attachment":[{"href":"https:\/\/zjarr.tv\/en\/wp-json\/wp\/v2\/media?parent=225783"}],"wp:term":[{"taxonomy":"category","embeddable":true,"href":"https:\/\/zjarr.tv\/en\/wp-json\/wp\/v2\/categories?post=225783"},{"taxonomy":"post_tag","embeddable":true,"href":"https:\/\/zjarr.tv\/en\/wp-json\/wp\/v2\/tags?post=225783"}],"curies":[{"name":"wp","href":"https:\/\/api.w.org\/{rel}","templated":true}]}}