{"id":225811,"date":"2021-12-21T11:08:54","date_gmt":"2021-12-21T10:08:54","guid":{"rendered":"https:\/\/zjarr.tv\/?p=225811"},"modified":"2021-12-21T11:08:54","modified_gmt":"2021-12-21T10:08:54","slug":"syri-i-keq-rames-i-thyhet-gota-kerkon-nje-po-nga-varhelyi","status":"publish","type":"post","link":"https:\/\/zjarr.tv\/en\/syri-i-keq-rames-i-thyhet-gota-kerkon-nje-po-nga-varhelyi\/","title":{"rendered":"Syri i keq\/ Ram\u00ebs i thyhet gota, k\u00ebrkon nj\u00eb PO nga Varhelyi"},"content":{"rendered":"<p>N\u00eb tryez\u00ebn q\u00eb po zhvillohet p\u00ebr nism\u00ebn Ballkani i Hapur, t\u00eb cil\u00ebs nuk po i bashkohet asnj\u00eb vend tjet\u00ebr, ka nd\u00ebrhyr\u00eb me nj\u00eb lidhje VIDEO edhe Komisioneri p\u00ebr Zgjerimin, Oliver Varhelyi. Teksa Rama po i jepte fjal\u00ebn atij, iu thye nj\u00eb got\u00eb.<\/p>\n<p>Kryeministri shqiptar nxitoi q\u00eb ta quante k\u00ebt\u00eb si nj\u00eb goditje t\u00eb syrit t\u00eb keq, edhe pse ai e ka bllokuar integrimin e Shqip\u00ebris\u00eb prej tet\u00eb vitesh.<\/p>\n<p>M\u00eb pas, Rama i k\u00ebrkoi me imponim komisionarit q\u00eb t\u00eb deklaroj\u00eb nj\u00eb PO n\u00eb mb\u00ebshtetje t\u00eb Ballkanit t\u00eb Hapur. Vet\u00eb Varhelyi rr\u00ebshqiti mes fjal\u00ebve p\u00ebr t\u00eb deklaruar se vet\u00eb e mb\u00ebshtet k\u00ebt\u00eb nism\u00eb, por nuk tha n\u00ebse ky \u00ebsht\u00eb q\u00ebndrim i BE-s\u00eb.<\/p>\n<p>Si zakonisht, edhe ai k\u00ebrkoi q\u00eb pjes\u00eb e k\u00ebsaj nisme t\u00eb b\u00ebhen t\u00eb gjitha vendet e Ballkanit Per\u00ebndimor.<\/p>","protected":false},"excerpt":{"rendered":"<p>N\u00eb tryez\u00ebn q\u00eb po zhvillohet p\u00ebr nism\u00ebn Ballkani i Hapur, t\u00eb cil\u00ebs nuk po i bashkohet asnj\u00eb vend tjet\u00ebr, ka nd\u00ebrhyr\u00eb me nj\u00eb lidhje VIDEO edhe Komisioneri p\u00ebr Zgjerimin, Oliver Varhelyi. Teksa Rama po i jepte fjal\u00ebn atij, iu thye nj\u00eb got\u00eb. Kryeministri shqiptar nxitoi q\u00eb ta quante k\u00ebt\u00eb si nj\u00eb goditje t\u00eb syrit t\u00eb [&hellip;]<\/p>\n","protected":false},"author":2030,"featured_media":225812,"comment_status":"closed","ping_status":"closed","sticky":false,"template":"","format":"standard","meta":{"footnotes":""},"categories":[241,5380,231,1454],"tags":[],"class_list":{"0":"post-225811","1":"post","2":"type-post","3":"status-publish","4":"format-standard","5":"has-post-thumbnail","7":"category-aktualitet","8":"category-kryesore","9":"category-lajme","10":"category-politike"},"_links":{"self":[{"href":"https:\/\/zjarr.tv\/en\/wp-json\/wp\/v2\/posts\/225811","targetHints":{"allow":["GET"]}}],"collection":[{"href":"https:\/\/zjarr.tv\/en\/wp-json\/wp\/v2\/posts"}],"about":[{"href":"https:\/\/zjarr.tv\/en\/wp-json\/wp\/v2\/types\/post"}],"author":[{"embeddable":true,"href":"https:\/\/zjarr.tv\/en\/wp-json\/wp\/v2\/users\/2030"}],"replies":[{"embeddable":true,"href":"https:\/\/zjarr.tv\/en\/wp-json\/wp\/v2\/comments?post=225811"}],"version-history":[{"count":0,"href":"https:\/\/zjarr.tv\/en\/wp-json\/wp\/v2\/posts\/225811\/revisions"}],"wp:featuredmedia":[{"embeddable":true,"href":"https:\/\/zjarr.tv\/en\/wp-json\/wp\/v2\/media\/225812"}],"wp:attachment":[{"href":"https:\/\/zjarr.tv\/en\/wp-json\/wp\/v2\/media?parent=225811"}],"wp:term":[{"taxonomy":"category","embeddable":true,"href":"https:\/\/zjarr.tv\/en\/wp-json\/wp\/v2\/categories?post=225811"},{"taxonomy":"post_tag","embeddable":true,"href":"https:\/\/zjarr.tv\/en\/wp-json\/wp\/v2\/tags?post=225811"}],"curies":[{"name":"wp","href":"https:\/\/api.w.org\/{rel}","templated":true}]}}