{"id":225815,"date":"2021-12-21T11:12:27","date_gmt":"2021-12-21T10:12:27","guid":{"rendered":"https:\/\/zjarr.tv\/?p=225815"},"modified":"2021-12-21T11:12:27","modified_gmt":"2021-12-21T10:12:27","slug":"termkolli-e-kam-perzene-delina-ficon-kur-isha-ministre","status":"publish","type":"post","link":"https:\/\/zjarr.tv\/en\/termkolli-e-kam-perzene-delina-ficon-kur-isha-ministre\/","title":{"rendered":"Termkolli: E kam p\u00ebrz\u00ebn\u00eb Delina Ficon kur isha ministre"},"content":{"rendered":"<p>Ish-deputetja e Lidhjes Demokratike t\u00eb Kosov\u00ebs, Melihate Termkolli ishte e ftuar n\u00eb emisionin \u00c7im Peka Live.<\/p>\n<p>Ajo ka deklaruar se Ballkani i Hapur \u00ebsht\u00eb nj\u00eb zgjerim i Serbis\u00eb n\u00eb t\u00eb gjitha trevat shqiptare.<\/p>\n<p>T\u00ebrmkolli ka deklaruar se ka p\u00ebrz\u00ebn\u00eb nj\u00eb nga p\u00ebrfaq\u00ebsueset e projektit Shoq\u00ebri e Hapur, ish-t\u00eb dashur\u00ebn e kryeministrit Rama q\u00eb tani \u00ebsht\u00eb gruaja e ministrit t\u00eb Brendsh\u00ebm Bledi Cuci, zonj\u00ebn Delina Fico.<\/p>\n<p>Ajo tha se kur ishte ministre pas luft\u00ebs, Fico dhe njer\u00ebzit e Sorosit, ofronin projekte p\u00ebr \u2018bashkim-vllaznim me Serbin\u00eb, n\u00eb koh\u00ebn kur Kosova kishte akoma plag\u00ebt e hapura q\u00eb kullonin gjak\u2019.<\/p>","protected":false},"excerpt":{"rendered":"<p>Ish-deputetja e Lidhjes Demokratike t\u00eb Kosov\u00ebs, Melihate Termkolli ishte e ftuar n\u00eb emisionin \u00c7im Peka Live. Ajo ka deklaruar se Ballkani i Hapur \u00ebsht\u00eb nj\u00eb zgjerim i Serbis\u00eb n\u00eb t\u00eb gjitha trevat shqiptare. T\u00ebrmkolli ka deklaruar se ka p\u00ebrz\u00ebn\u00eb nj\u00eb nga p\u00ebrfaq\u00ebsueset e projektit Shoq\u00ebri e Hapur, ish-t\u00eb dashur\u00ebn e kryeministrit Rama q\u00eb tani \u00ebsht\u00eb [&hellip;]<\/p>\n","protected":false},"author":2030,"featured_media":225816,"comment_status":"closed","ping_status":"closed","sticky":false,"template":"","format":"standard","meta":{"footnotes":""},"categories":[241,3366,5380,231],"tags":[],"class_list":{"0":"post-225815","1":"post","2":"type-post","3":"status-publish","4":"format-standard","5":"has-post-thumbnail","7":"category-aktualitet","8":"category-koment","9":"category-kryesore","10":"category-lajme"},"_links":{"self":[{"href":"https:\/\/zjarr.tv\/en\/wp-json\/wp\/v2\/posts\/225815","targetHints":{"allow":["GET"]}}],"collection":[{"href":"https:\/\/zjarr.tv\/en\/wp-json\/wp\/v2\/posts"}],"about":[{"href":"https:\/\/zjarr.tv\/en\/wp-json\/wp\/v2\/types\/post"}],"author":[{"embeddable":true,"href":"https:\/\/zjarr.tv\/en\/wp-json\/wp\/v2\/users\/2030"}],"replies":[{"embeddable":true,"href":"https:\/\/zjarr.tv\/en\/wp-json\/wp\/v2\/comments?post=225815"}],"version-history":[{"count":0,"href":"https:\/\/zjarr.tv\/en\/wp-json\/wp\/v2\/posts\/225815\/revisions"}],"wp:featuredmedia":[{"embeddable":true,"href":"https:\/\/zjarr.tv\/en\/wp-json\/wp\/v2\/media\/225816"}],"wp:attachment":[{"href":"https:\/\/zjarr.tv\/en\/wp-json\/wp\/v2\/media?parent=225815"}],"wp:term":[{"taxonomy":"category","embeddable":true,"href":"https:\/\/zjarr.tv\/en\/wp-json\/wp\/v2\/categories?post=225815"},{"taxonomy":"post_tag","embeddable":true,"href":"https:\/\/zjarr.tv\/en\/wp-json\/wp\/v2\/tags?post=225815"}],"curies":[{"name":"wp","href":"https:\/\/api.w.org\/{rel}","templated":true}]}}