{"id":225819,"date":"2021-12-21T11:18:27","date_gmt":"2021-12-21T10:18:27","guid":{"rendered":"https:\/\/zjarr.tv\/?p=225819"},"modified":"2021-12-21T11:18:27","modified_gmt":"2021-12-21T10:18:27","slug":"incineratoret-grup-i-strukturuar-kriminal-qe-ka-drejtues-edi-ramen","status":"publish","type":"post","link":"https:\/\/zjarr.tv\/en\/incineratoret-grup-i-strukturuar-kriminal-qe-ka-drejtues-edi-ramen\/","title":{"rendered":"Incinerator\u00ebt grup i strukturuar kriminal q\u00eb ka drejtues Edi Ram\u00ebn"},"content":{"rendered":"<p>Nga Endrit Braimllari<\/p>\n<p>Edi Rama, Ministrat, Kryetar\u00ebt e Bashkive t\u00eb gjith\u00eb t\u00eb p\u00ebrfshir\u00eb n\u00eb skandalin m\u00eb t\u00eb madh korruptiv n\u00eb vend at\u00eb t\u00eb incinerator\u00ebve.<\/p>\n<p>Si kurr\u00eb m\u00eb par\u00eb dit\u00ebn e djeshme kryeministri i vendit nuk ishte prezent n\u00eb parlament p\u00ebr tu ballafaquar me hajdut\u00ebrin\u00eb m\u00eb t\u00eb madhe n\u00eb vend e cila e p\u00ebrfshin drejtp\u00ebrdrejt at\u00eb, Erion Veliaj dhe t\u00eb gjith\u00eb ministrat e tij.<\/p>\n<p>Kryeministri zakonisht flet nga tre or\u00eb n\u00eb seanca plenare, por dje e kishte goj\u00ebn e mbyllur nga kall\u00ebzimet e LSI, sepse e di shum\u00eb mir\u00eb q\u00eb p\u00ebrgjegj\u00ebsia e korrupsionit m\u00eb t\u00eb madh n\u00eb historine e vendit t\u00eb incinerator\u00ebve nuk \u00ebsht\u00eb individuale por kolektive si nj\u00eb grup i strukturuar kriminal q\u00eb ka nj\u00eb drejtues q\u00eb quhet Edi Rama.<\/p>\n<p>LSI do t\u00eb vazhdoj\u00eb t\u00eb b\u00ebj\u00eb publike fakte t\u00eb tjera t\u00eb skandalit m\u00eb t\u00eb madh korruptiv n\u00eb vend dhe nuk do t\u00eb ket\u00eb seanc\u00eb plenare apo sho\u00eb mediatik q\u00eb t\u00eb shp\u00ebtoj\u00eb nga pergjegjesit\u00eb ty, ministrat e tu dhe kryetar\u00ebt e bashkive.<\/p>\n<p><img loading=\"lazy\" decoding=\"async\" class=\"alignnone size-medium wp-image-225821\" src=\"https:\/\/zjarr.tv\/wp-content\/uploads\/2021\/12\/auto_269794083_1747583748768166_1976733706532828216_n1640077328-213x300.jpg\" alt=\"\" width=\"213\" height=\"300\" srcset=\"https:\/\/zjarr.tv\/wp-content\/uploads\/2021\/12\/auto_269794083_1747583748768166_1976733706532828216_n1640077328-213x300.jpg 213w, https:\/\/zjarr.tv\/wp-content\/uploads\/2021\/12\/auto_269794083_1747583748768166_1976733706532828216_n1640077328-727x1024.jpg 727w, https:\/\/zjarr.tv\/wp-content\/uploads\/2021\/12\/auto_269794083_1747583748768166_1976733706532828216_n1640077328-768x1082.jpg 768w, https:\/\/zjarr.tv\/wp-content\/uploads\/2021\/12\/auto_269794083_1747583748768166_1976733706532828216_n1640077328-696x981.jpg 696w, https:\/\/zjarr.tv\/wp-content\/uploads\/2021\/12\/auto_269794083_1747583748768166_1976733706532828216_n1640077328-298x420.jpg 298w, https:\/\/zjarr.tv\/wp-content\/uploads\/2021\/12\/auto_269794083_1747583748768166_1976733706532828216_n1640077328.jpg 900w\" sizes=\"auto, (max-width: 213px) 100vw, 213px\" \/> <img loading=\"lazy\" decoding=\"async\" class=\"alignnone size-medium wp-image-225822\" src=\"https:\/\/zjarr.tv\/wp-content\/uploads\/2021\/12\/auto_269808152_1747583735434834_1574504305947027324_n1640077329-261x300.jpg\" alt=\"\" width=\"261\" height=\"300\" srcset=\"https:\/\/zjarr.tv\/wp-content\/uploads\/2021\/12\/auto_269808152_1747583735434834_1574504305947027324_n1640077329-261x300.jpg 261w, https:\/\/zjarr.tv\/wp-content\/uploads\/2021\/12\/auto_269808152_1747583735434834_1574504305947027324_n1640077329-890x1024.jpg 890w, https:\/\/zjarr.tv\/wp-content\/uploads\/2021\/12\/auto_269808152_1747583735434834_1574504305947027324_n1640077329-768x883.jpg 768w, https:\/\/zjarr.tv\/wp-content\/uploads\/2021\/12\/auto_269808152_1747583735434834_1574504305947027324_n1640077329-696x800.jpg 696w, https:\/\/zjarr.tv\/wp-content\/uploads\/2021\/12\/auto_269808152_1747583735434834_1574504305947027324_n1640077329-365x420.jpg 365w, https:\/\/zjarr.tv\/wp-content\/uploads\/2021\/12\/auto_269808152_1747583735434834_1574504305947027324_n1640077329.jpg 900w\" sizes=\"auto, (max-width: 261px) 100vw, 261px\" \/> <img loading=\"lazy\" decoding=\"async\" class=\"alignnone size-medium wp-image-225823\" src=\"https:\/\/zjarr.tv\/wp-content\/uploads\/2021\/12\/auto_269781734_1747583738768167_3270291299635319486_n1640077328-Copy-213x300.jpg\" alt=\"\" width=\"213\" height=\"300\" srcset=\"https:\/\/zjarr.tv\/wp-content\/uploads\/2021\/12\/auto_269781734_1747583738768167_3270291299635319486_n1640077328-Copy-213x300.jpg 213w, https:\/\/zjarr.tv\/wp-content\/uploads\/2021\/12\/auto_269781734_1747583738768167_3270291299635319486_n1640077328-Copy-729x1024.jpg 729w, https:\/\/zjarr.tv\/wp-content\/uploads\/2021\/12\/auto_269781734_1747583738768167_3270291299635319486_n1640077328-Copy-768x1079.jpg 768w, https:\/\/zjarr.tv\/wp-content\/uploads\/2021\/12\/auto_269781734_1747583738768167_3270291299635319486_n1640077328-Copy-696x978.jpg 696w, https:\/\/zjarr.tv\/wp-content\/uploads\/2021\/12\/auto_269781734_1747583738768167_3270291299635319486_n1640077328-Copy-299x420.jpg 299w, https:\/\/zjarr.tv\/wp-content\/uploads\/2021\/12\/auto_269781734_1747583738768167_3270291299635319486_n1640077328-Copy.jpg 900w\" sizes=\"auto, (max-width: 213px) 100vw, 213px\" \/><\/p>","protected":false},"excerpt":{"rendered":"<p>Nga Endrit Braimllari Edi Rama, Ministrat, Kryetar\u00ebt e Bashkive t\u00eb gjith\u00eb t\u00eb p\u00ebrfshir\u00eb n\u00eb skandalin m\u00eb t\u00eb madh korruptiv n\u00eb vend at\u00eb t\u00eb incinerator\u00ebve. Si kurr\u00eb m\u00eb par\u00eb dit\u00ebn e djeshme kryeministri i vendit nuk ishte prezent n\u00eb parlament p\u00ebr tu ballafaquar me hajdut\u00ebrin\u00eb m\u00eb t\u00eb madhe n\u00eb vend e cila e p\u00ebrfshin drejtp\u00ebrdrejt at\u00eb, [&hellip;]<\/p>\n","protected":false},"author":2030,"featured_media":225820,"comment_status":"closed","ping_status":"closed","sticky":false,"template":"","format":"standard","meta":{"footnotes":""},"categories":[241,3366,5380,1454],"tags":[],"class_list":{"0":"post-225819","1":"post","2":"type-post","3":"status-publish","4":"format-standard","5":"has-post-thumbnail","7":"category-aktualitet","8":"category-koment","9":"category-kryesore","10":"category-politike"},"_links":{"self":[{"href":"https:\/\/zjarr.tv\/en\/wp-json\/wp\/v2\/posts\/225819","targetHints":{"allow":["GET"]}}],"collection":[{"href":"https:\/\/zjarr.tv\/en\/wp-json\/wp\/v2\/posts"}],"about":[{"href":"https:\/\/zjarr.tv\/en\/wp-json\/wp\/v2\/types\/post"}],"author":[{"embeddable":true,"href":"https:\/\/zjarr.tv\/en\/wp-json\/wp\/v2\/users\/2030"}],"replies":[{"embeddable":true,"href":"https:\/\/zjarr.tv\/en\/wp-json\/wp\/v2\/comments?post=225819"}],"version-history":[{"count":0,"href":"https:\/\/zjarr.tv\/en\/wp-json\/wp\/v2\/posts\/225819\/revisions"}],"wp:featuredmedia":[{"embeddable":true,"href":"https:\/\/zjarr.tv\/en\/wp-json\/wp\/v2\/media\/225820"}],"wp:attachment":[{"href":"https:\/\/zjarr.tv\/en\/wp-json\/wp\/v2\/media?parent=225819"}],"wp:term":[{"taxonomy":"category","embeddable":true,"href":"https:\/\/zjarr.tv\/en\/wp-json\/wp\/v2\/categories?post=225819"},{"taxonomy":"post_tag","embeddable":true,"href":"https:\/\/zjarr.tv\/en\/wp-json\/wp\/v2\/tags?post=225819"}],"curies":[{"name":"wp","href":"https:\/\/api.w.org\/{rel}","templated":true}]}}