{"id":225839,"date":"2021-12-21T11:41:21","date_gmt":"2021-12-21T10:41:21","guid":{"rendered":"https:\/\/zjarr.tv\/?p=225839"},"modified":"2021-12-21T11:41:21","modified_gmt":"2021-12-21T10:41:21","slug":"arta-dade-komenton-protesten-e-berishes-te-mos-e-shese-veten-si-patriot-se-historia-nuk-e-nxjerr-mire-me-kosoven","status":"publish","type":"post","link":"https:\/\/zjarr.tv\/en\/arta-dade-komenton-protesten-e-berishes-te-mos-e-shese-veten-si-patriot-se-historia-nuk-e-nxjerr-mire-me-kosoven\/","title":{"rendered":"Arta Dade komenton protest\u00ebn e Berish\u00ebs: T\u00eb mos e shes\u00eb veten si patriot se historia nuk e nxjerr mir\u00eb me Kosov\u00ebn!"},"content":{"rendered":"<p>Ish-deputetja socialiste Arda Dade, duke komentuar protest\u00ebn e djeshme t\u00eb ish-kryeministrit Sali Berisha thot\u00eb se atij nuk i ka hije q\u00eb ta shes\u00eb veten si patriot. Sipas Dades, historia nuk e nxjerr mir\u00eb Berish\u00ebn me Kosov\u00ebn sepse ka shkelur embargon p\u00ebr naft\u00eb dhe fishek\u00eb.<\/p>\n<p>Tubimin q\u00eb Berisha thirri sot n\u00eb Tiran\u00eb e shikon si nj\u00eb prov\u00eb q\u00eb Berisha t\u00eb tregoi se ka mb\u00ebshtetje pas shpalljes non-grata.<\/p>\n<p>\u201cNuk i shkon Berish\u00ebs t\u00eb dal\u00eb e ta shes\u00eb veten si patriot. Ka pasur momente q\u00eb Berish\u00ebn historia nuk e nxjerr mir\u00eb n\u00eb raport me Kosov\u00ebn. Fishek\u00ebt shqiptar\u00eb t\u00eb \u00e7uar p\u00ebrmes Bullgaris\u00eb n\u00eb Bosnje. Ka momente q\u00eb Berisha nuk i ka b\u00ebr\u00eb nder \u00e7\u00ebshtjes s\u00eb Kosov\u00ebs.<\/p>\n<p>Mitingu i sot\u00ebm ka t\u00eb b\u00ebj\u00eb me \u00e7\u00ebshtjen ku ndodhet Berisha, p\u00ebr t\u00eb treguar se ka mb\u00ebshtetje. Jam n\u00eb favor t\u00eb procesit t\u00eb Berlinit. Shtimi i nismave dhe mbivendosja e tyre nuk \u00ebsht\u00eb gj\u00eb e mir\u00eb, por s\u2019mund t\u00eb kalojm\u00eb n\u00eb ekstrem e t\u00eb themi q\u00eb Kosova \u00ebsht\u00eb vendosur n\u00eb dar\u00eb\u201d, tha politikania Arta Dade n\u00eb emisionin \u201cDREJT\u201d.<\/p>","protected":false},"excerpt":{"rendered":"<p>Ish-deputetja socialiste Arda Dade, duke komentuar protest\u00ebn e djeshme t\u00eb ish-kryeministrit Sali Berisha thot\u00eb se atij nuk i ka hije q\u00eb ta shes\u00eb veten si patriot. Sipas Dades, historia nuk e nxjerr mir\u00eb Berish\u00ebn me Kosov\u00ebn sepse ka shkelur embargon p\u00ebr naft\u00eb dhe fishek\u00eb. Tubimin q\u00eb Berisha thirri sot n\u00eb Tiran\u00eb e shikon si nj\u00eb [&hellip;]<\/p>\n","protected":false},"author":2030,"featured_media":225840,"comment_status":"closed","ping_status":"closed","sticky":false,"template":"","format":"standard","meta":{"footnotes":""},"categories":[241,3366,1454],"tags":[],"class_list":{"0":"post-225839","1":"post","2":"type-post","3":"status-publish","4":"format-standard","5":"has-post-thumbnail","7":"category-aktualitet","8":"category-koment","9":"category-politike"},"_links":{"self":[{"href":"https:\/\/zjarr.tv\/en\/wp-json\/wp\/v2\/posts\/225839","targetHints":{"allow":["GET"]}}],"collection":[{"href":"https:\/\/zjarr.tv\/en\/wp-json\/wp\/v2\/posts"}],"about":[{"href":"https:\/\/zjarr.tv\/en\/wp-json\/wp\/v2\/types\/post"}],"author":[{"embeddable":true,"href":"https:\/\/zjarr.tv\/en\/wp-json\/wp\/v2\/users\/2030"}],"replies":[{"embeddable":true,"href":"https:\/\/zjarr.tv\/en\/wp-json\/wp\/v2\/comments?post=225839"}],"version-history":[{"count":0,"href":"https:\/\/zjarr.tv\/en\/wp-json\/wp\/v2\/posts\/225839\/revisions"}],"wp:featuredmedia":[{"embeddable":true,"href":"https:\/\/zjarr.tv\/en\/wp-json\/wp\/v2\/media\/225840"}],"wp:attachment":[{"href":"https:\/\/zjarr.tv\/en\/wp-json\/wp\/v2\/media?parent=225839"}],"wp:term":[{"taxonomy":"category","embeddable":true,"href":"https:\/\/zjarr.tv\/en\/wp-json\/wp\/v2\/categories?post=225839"},{"taxonomy":"post_tag","embeddable":true,"href":"https:\/\/zjarr.tv\/en\/wp-json\/wp\/v2\/tags?post=225839"}],"curies":[{"name":"wp","href":"https:\/\/api.w.org\/{rel}","templated":true}]}}