{"id":225847,"date":"2021-12-21T11:59:03","date_gmt":"2021-12-21T10:59:03","guid":{"rendered":"https:\/\/zjarr.tv\/?p=225847"},"modified":"2021-12-21T11:59:03","modified_gmt":"2021-12-21T10:59:03","slug":"nje-jave-pasi-kaloi-ne-kuvend-tabaku-kundershton-ligjin-per-investimet-strategjike-nuk-kemi-degjuar-asnje-te-huaj-qe-te-perfitoje-shkelet-e-drejta-e-prones","status":"publish","type":"post","link":"https:\/\/zjarr.tv\/en\/nje-jave-pasi-kaloi-ne-kuvend-tabaku-kundershton-ligjin-per-investimet-strategjike-nuk-kemi-degjuar-asnje-te-huaj-qe-te-perfitoje-shkelet-e-drejta-e-prones\/","title":{"rendered":"Nj\u00eb jav\u00eb pasi kaloi n\u00eb Kuvend, Tabaku kund\u00ebrshton ligjin p\u00ebr Investimet Strategjike: Nuk kemi d\u00ebgjuar asnj\u00eb t\u00eb huaj q\u00eb t\u00eb p\u00ebrfitoj\u00eb, shkelet e drejta e pron\u00ebs"},"content":{"rendered":"<p>Deputetja Jorida Tabaku ka reaguar disa dit\u00eb pas kalimit n\u00eb Kuvend t\u00eb Ligjit p\u00ebr Investimet Strategjike, me votat e mazhoranc\u00ebs. Tabaku thot\u00eb se ky ligj \u00ebsht\u00eb kund\u00ebrshtuar vazhdimisht nga opozita, p\u00ebr shkak se n\u00eb em\u00ebr t\u00eb investimit strategjik mohohet nja ng\u00eb t\u00eb drejtat kushtetuese, q\u00eb \u00ebsht\u00eb ajo e pron\u00ebs. Deputetja demokrate shkruan m\u00eb tej se derim\u00eb tani asnj\u00eb investitor i huaj nuk \u00ebsht\u00eb b\u00ebr\u00eb derim\u00eb tani p\u00ebrfitues nga ky ligj.<\/p>\n<p><strong>Postimi i Tabakut:<\/strong><\/p>\n<p>N\u00eb vitin 2015 qeveria Rama 1 miratoi nj\u00eb nga ligjet m\u00eb korruptive dhe q\u00eb i hapi rrug\u00eb edhe ligj\u00ebrisht krijimit t\u00eb oligarkis\u00eb ekonomike n\u00eb vend. Ligji Investimeve Strategjike u kund\u00ebrshtua nga opozita dhe n\u00eb em\u00ebr t\u00eb saj un\u00eb d\u00ebrgova n\u00eb kuvend nj\u00eb amendim t\u00eb k\u00ebtij ligji n\u00eb lidhje me \u00e7\u00ebshtjen e pron\u00ebsis\u00eb.<\/p>\n<p>Sipas ligjit, e drejta e pron\u00ebsis\u00eb s\u00eb tok\u00ebs do t\u00eb njollosej pasi investitorit strategjik i jepej nj\u00eb ndihm\u00eb e padrejt\u00eb n\u00eb raport me pronarin e tok\u00ebs. Duke cenuar nj\u00eb nga bazat e tregut t\u00eb lir\u00eb dhe kapitalizmit, at\u00eb t\u00eb kapitalit t\u00eb tok\u00ebs.<\/p>\n<p>Raporti i Departamentit Amerikan t\u00eb Shtetit, nd\u00ebr t\u00eb tjera, evidentonte se problem i Ligjit t\u00eb Investimeve Strategjike \u00ebsht\u00eb se korrupton logjik\u00ebn investuese dhe nuk \u00ebsht\u00eb aspak miq\u00ebsor me investitor\u00ebt e huaj. K\u00ebshtu neni (q\u00eb u kund\u00ebrshtua nga opozita) n\u00eb lidhje me shpron\u00ebsimin e tok\u00ebs private t\u00eb pronarit nga shteti p\u00ebr interesat e nj\u00eb privati tjet\u00ebr, nuk \u00ebsht\u00eb eficent dhe dobiprur\u00ebs.<\/p>\n<p>Deri m\u00eb tani nuk kemi d\u00ebgjuar asnj\u00eb investitor t\u00eb r\u00ebnd\u00ebsish\u00ebm t\u00eb huaj q\u00eb t\u00eb jet\u00eb b\u00ebr\u00eb p\u00ebrfitues nga ky Ligj i Investimeve Strategjike q\u00eb i heq t\u00eb drejt\u00ebn e pron\u00ebs pronarit. Dobia e k\u00ebtij Ligji mbetet vet\u00ebm ajo e vjedhjes dhe abuzimit me pronat e qytetar\u00ebve si dhe me nd\u00ebrtimin e rezorteve turistik\u00eb n\u00eb toka q\u00eb u merret pronar\u00ebve p\u00ebr hi\u00e7gj\u00eb.<\/p>\n<p>K\u00ebto nuk jan\u00eb investime strategjike pasi e gjith\u00eb kjo \u00ebsht\u00eb nj\u00eb maskim p\u00ebr at\u00eb q\u00eb realisht po ndodh n\u00eb k\u00ebt\u00eb vend; vjedhje me ligje dhe procedura n\u00eb kurriz t\u00eb pronar\u00ebve dhe shqiptar\u00ebve. N\u00ebn frym\u00ebn e vjedhjes me ligje dhe parlament qeveria \u00ebsht\u00eb angazhuar p\u00ebr t\u00eb kuror\u00ebzuar disa skema abuzimi ndaj pron\u00ebs private dhe asaj publike.<\/p>\n<p>T\u00eb gjitha k\u00ebto l\u00ebvizje b\u00ebhen nd\u00ebrsa zyra e kadastr\u00ebs n\u00eb jug t\u00eb vendit ka nd\u00ebrruar drejtuesin e hipotek\u00ebs m\u00eb shum\u00eb se sa vite qeveri ka kjo mazhoranc\u00eb. Nuk mund t\u00eb ket\u00eb zhvillim ekonomik aty ku nuk respektohet prona edhe e drejta e pron\u00ebs, kjo \u00ebsht\u00eb ABC-ja e kapitalizmit dhe zhvillimit ekonomik.<\/p>\n<p>Nuk mund t\u00eb ket\u00eb nj\u00eb ekonomi n\u00eb sh\u00ebrbim t\u00eb qytetar\u00ebve kur oligarkia gllab\u00ebron tokat e shqiptar\u00ebve, tokat e pronar\u00ebve privat\u00eb dhe tokat e shtetit n\u00eb kurriz t\u00eb shumic\u00ebs. Nuk ka logjik\u00eb ekonomike shtyrja n\u00eb koh\u00eb e k\u00ebtij ligji q\u00eb ka prodhuar m\u00eb shum\u00eb beton, m\u00eb pak zhvillim.<\/p>\n<p>E vetmja logjik\u00eb n\u00eb p\u00ebrputhje me shtyrjen n\u00eb koh\u00eb t\u00eb k\u00ebtij ligji \u00ebsht\u00eb ajo e oligarkis\u00eb politike. Ta mbajm\u00eb shqiptarin e mes\u00ebm m\u00eb t\u00eb shtypur dhe shqiptarin e varf\u00ebr m\u00eb t\u00eb varf\u00ebr p\u00ebr t\u00eb pasuruar ministrat, kryeministrin, sekretar\u00ebt e ministrive dhe kryesekretarin e tyre n\u00eb kryeministri dhe padyshim pjes\u00ebn tjet\u00ebr oligarkin\u00eb dhe krimin e orgnanizuar q\u00eb \u00ebsht\u00eb mes dy t\u00eb par\u00ebve si veshka mes dhjamit.<\/p>","protected":false},"excerpt":{"rendered":"<p>Deputetja Jorida Tabaku ka reaguar disa dit\u00eb pas kalimit n\u00eb Kuvend t\u00eb Ligjit p\u00ebr Investimet Strategjike, me votat e mazhoranc\u00ebs. Tabaku thot\u00eb se ky ligj \u00ebsht\u00eb kund\u00ebrshtuar vazhdimisht nga opozita, p\u00ebr shkak se n\u00eb em\u00ebr t\u00eb investimit strategjik mohohet nja ng\u00eb t\u00eb drejtat kushtetuese, q\u00eb \u00ebsht\u00eb ajo e pron\u00ebs. Deputetja demokrate shkruan m\u00eb tej se [&hellip;]<\/p>\n","protected":false},"author":2020,"featured_media":225848,"comment_status":"closed","ping_status":"closed","sticky":false,"template":"","format":"standard","meta":{"footnotes":""},"categories":[241,5380,231],"tags":[],"class_list":{"0":"post-225847","1":"post","2":"type-post","3":"status-publish","4":"format-standard","5":"has-post-thumbnail","7":"category-aktualitet","8":"category-kryesore","9":"category-lajme"},"_links":{"self":[{"href":"https:\/\/zjarr.tv\/en\/wp-json\/wp\/v2\/posts\/225847","targetHints":{"allow":["GET"]}}],"collection":[{"href":"https:\/\/zjarr.tv\/en\/wp-json\/wp\/v2\/posts"}],"about":[{"href":"https:\/\/zjarr.tv\/en\/wp-json\/wp\/v2\/types\/post"}],"author":[{"embeddable":true,"href":"https:\/\/zjarr.tv\/en\/wp-json\/wp\/v2\/users\/2020"}],"replies":[{"embeddable":true,"href":"https:\/\/zjarr.tv\/en\/wp-json\/wp\/v2\/comments?post=225847"}],"version-history":[{"count":0,"href":"https:\/\/zjarr.tv\/en\/wp-json\/wp\/v2\/posts\/225847\/revisions"}],"wp:featuredmedia":[{"embeddable":true,"href":"https:\/\/zjarr.tv\/en\/wp-json\/wp\/v2\/media\/225848"}],"wp:attachment":[{"href":"https:\/\/zjarr.tv\/en\/wp-json\/wp\/v2\/media?parent=225847"}],"wp:term":[{"taxonomy":"category","embeddable":true,"href":"https:\/\/zjarr.tv\/en\/wp-json\/wp\/v2\/categories?post=225847"},{"taxonomy":"post_tag","embeddable":true,"href":"https:\/\/zjarr.tv\/en\/wp-json\/wp\/v2\/tags?post=225847"}],"curies":[{"name":"wp","href":"https:\/\/api.w.org\/{rel}","templated":true}]}}