{"id":225862,"date":"2021-12-21T12:14:50","date_gmt":"2021-12-21T11:14:50","guid":{"rendered":"https:\/\/zjarr.tv\/?p=225862"},"modified":"2021-12-21T12:15:14","modified_gmt":"2021-12-21T11:15:14","slug":"mund-te-kete-persona-non-grata-ne-radhet-e-ps-seoriola-pampuri-paralajmeron-zhvillimet-te-papritura-politik","status":"publish","type":"post","link":"https:\/\/zjarr.tv\/en\/mund-te-kete-persona-non-grata-ne-radhet-e-ps-seoriola-pampuri-paralajmeron-zhvillimet-te-papritura-politik\/","title":{"rendered":"\u201cMund t\u00eb ket\u00eb persona non-grata n\u00eb radh\u00ebt e PS-s\u00eb\u201d,Oriola Pampuri paralajm\u00ebron zhvillimet t\u00eb papritura politik"},"content":{"rendered":"<p>Deputetja e Partis\u00eb Demokratike, Oriola Pampuri paralajm\u00ebroi mbr\u00ebmjen e djeshme n\u00eb emisionin \u2018Now\u2019 se mandati i kryeministrit Edi Rama mund t\u00eb mos zgjas\u00eb 4 vite, pasi mund t\u00eb ket\u00eb persona non-grata n\u00eb radh\u00ebt e tyre.<\/p>\n<p>Deputetja deklaroi se \u00ebsht\u00eb shum\u00eb e r\u00ebnd\u00eb p\u00ebr nj\u00eb parti politike kur brenda saj shpallen persona non grata.<\/p>\n<p><em>\u201cSe sa do jet\u00eb\u2026 se jan\u00eb edhe k\u00ebto non gratat dhe nuk mund t\u00eb t\u00eb siguroj q\u00eb mund t\u00eb jet\u00eb opozit\u00eb 4-vje\u00e7are. Non grata e cenon \u00e7do individ dhe jo m\u00eb \u00e7do p\u00ebrfaq\u00ebsuesi politik. \u00cbsht\u00eb e r\u00ebnd\u00eb. N\u00ebse nj\u00eb parti politike ka nj\u00eb num\u00ebr t\u00eb caktuar personash non grata \u00ebsht\u00eb e r\u00ebnd\u00eb p\u00ebr nj\u00eb parti politike, p\u00ebr nj\u00eb grupim politik<\/em>\u201d, tha znj. Pampuri.<\/p>\n<p>Deputetja n\u00ebnvizoi se nuk i mbajn\u00eb shpresat tek SHBA-ja p\u00ebr t\u00eb shpallur persona \u2018non grata\u2019 n\u00eb PS, por do t\u00eb b\u00ebjn\u00eb nj\u00eb opozit\u00eb t\u00eb fort\u00eb n\u00eb parlament, n\u00eb komisionet parlamentare dhe n\u00eb terren.<\/p>\n<p>\u201c<em>Kemi qen\u00eb non-stop n\u00eb terren duke denoncuar nga afera m\u00eb e vog\u00ebl korruptive deri tek aferat gjigande korruptive\u201d<\/em>, shtoi ajo.<\/p>","protected":false},"excerpt":{"rendered":"<p>Deputetja e Partis\u00eb Demokratike, Oriola Pampuri paralajm\u00ebroi mbr\u00ebmjen e djeshme n\u00eb emisionin \u2018Now\u2019 se mandati i kryeministrit Edi Rama mund t\u00eb mos zgjas\u00eb 4 vite, pasi mund t\u00eb ket\u00eb persona non-grata n\u00eb radh\u00ebt e tyre. Deputetja deklaroi se \u00ebsht\u00eb shum\u00eb e r\u00ebnd\u00eb p\u00ebr nj\u00eb parti politike kur brenda saj shpallen persona non grata. \u201cSe sa [&hellip;]<\/p>\n","protected":false},"author":2020,"featured_media":225870,"comment_status":"closed","ping_status":"closed","sticky":false,"template":"","format":"standard","meta":{"footnotes":""},"categories":[241,5380,231],"tags":[],"class_list":{"0":"post-225862","1":"post","2":"type-post","3":"status-publish","4":"format-standard","5":"has-post-thumbnail","7":"category-aktualitet","8":"category-kryesore","9":"category-lajme"},"_links":{"self":[{"href":"https:\/\/zjarr.tv\/en\/wp-json\/wp\/v2\/posts\/225862","targetHints":{"allow":["GET"]}}],"collection":[{"href":"https:\/\/zjarr.tv\/en\/wp-json\/wp\/v2\/posts"}],"about":[{"href":"https:\/\/zjarr.tv\/en\/wp-json\/wp\/v2\/types\/post"}],"author":[{"embeddable":true,"href":"https:\/\/zjarr.tv\/en\/wp-json\/wp\/v2\/users\/2020"}],"replies":[{"embeddable":true,"href":"https:\/\/zjarr.tv\/en\/wp-json\/wp\/v2\/comments?post=225862"}],"version-history":[{"count":0,"href":"https:\/\/zjarr.tv\/en\/wp-json\/wp\/v2\/posts\/225862\/revisions"}],"wp:featuredmedia":[{"embeddable":true,"href":"https:\/\/zjarr.tv\/en\/wp-json\/wp\/v2\/media\/225870"}],"wp:attachment":[{"href":"https:\/\/zjarr.tv\/en\/wp-json\/wp\/v2\/media?parent=225862"}],"wp:term":[{"taxonomy":"category","embeddable":true,"href":"https:\/\/zjarr.tv\/en\/wp-json\/wp\/v2\/categories?post=225862"},{"taxonomy":"post_tag","embeddable":true,"href":"https:\/\/zjarr.tv\/en\/wp-json\/wp\/v2\/tags?post=225862"}],"curies":[{"name":"wp","href":"https:\/\/api.w.org\/{rel}","templated":true}]}}