{"id":225878,"date":"2021-12-21T12:32:15","date_gmt":"2021-12-21T11:32:15","guid":{"rendered":"https:\/\/zjarr.tv\/?p=225878"},"modified":"2021-12-21T12:32:15","modified_gmt":"2021-12-21T11:32:15","slug":"albana-vokshi-hakmerret-ndaj-bashes-kjo-eshte-levizja-e-saj-me-e-fundit-foto","status":"publish","type":"post","link":"https:\/\/zjarr.tv\/en\/albana-vokshi-hakmerret-ndaj-bashes-kjo-eshte-levizja-e-saj-me-e-fundit-foto\/","title":{"rendered":"Albana Vokshi \u2018hakmerret\u2019 ndaj Bash\u00ebs, kjo \u00ebsht\u00eb l\u00ebvizja e saj m\u00eb e fundit (FOTO)"},"content":{"rendered":"<p>Partia Demokratike duket se \u00ebsht\u00eb ndar\u00eb n\u00eb dy kampe dhe sfida mes tyre sa vjen dhe b\u00ebhet m\u00eb e ashp\u00ebr. Tashm\u00eb ky \u2018dyluftim\u2019 ka shkuar deri edhe n\u00eb p\u00ebrplasjen p\u00ebr kontrollimin e rrjeteve sociale.<\/p>\n<p>Albana Vokshi, e cila \u00ebsht\u00eb reshtuar krah Sali Berish\u00ebs \u00ebsht\u00eb \u201chakmarr\u00eb\u201d ndaj aktit t\u00eb kryedemokratit Lulzim Basha q\u00eb ia hoqi t\u00eb drejt\u00ebn e aksesit t\u00eb faqes zyrtare t\u00eb Forumit t\u00eb Gruas s\u00eb PD-s\u00eb. Ajo ka hapur nj\u00eb faqe t\u00eb re n\u00eb rrjetet sociale t\u00eb Lidhjes Demokratike t\u00eb Gruas Shqiptare. M\u00eb 13 n\u00ebntor Vokshi do t\u00eb denonconte faktin e heqjes s\u00eb kontrollit t\u00eb faqes sociale t\u00eb Forumit t\u00eb Gruas, duke e cil\u00ebsuar si uzurpim dhe bes\u00ebprerje.<\/p>\n<p><strong>Deklarata e Vokshit:<\/strong><\/p>\n<p><em>\u201cLulzim Basha grabit faqen n\u00eb Facebook t\u00eb LDGSH. Koh\u00eb m\u00eb par\u00eb i kisha dh\u00ebn\u00eb personit p\u00ebrgjegj\u00ebs p\u00ebr Organizimin Dixhital t\u00eb Partis\u00eb akses si administrator n\u00eb faqen zyrtare t\u00eb Facebook t\u00eb Lidhjes Demokratike t\u00eb Gruas s\u00eb Shqip\u00ebris\u00eb, me q\u00ebllim q\u00eb t\u00eb postonte direkt veprimtarit\u00eb e r\u00ebnd\u00ebsishme t\u00eb PD-s\u00eb. <\/em><\/p>\n<p><em>Por, disa dit\u00eb m\u00eb par\u00eb, faqa e LDGSH u \u201cgrabit\u201d duke hequr nga administratore e \u00e7do lloj aksesi grat\u00eb, p\u00ebrfshi dhe mua, q\u00eb administronim faqen. Ky \u00ebsht\u00eb nj\u00eb veprim i paligjsh\u00ebm, tinzar prej bes\u00ebpreri, duke shfryt\u00ebzuar mir\u00ebmbesimin q\u00eb ju kishim dh\u00ebn\u00eb p\u00ebr akses n\u00eb faqen e LDGSH<\/em>\u201c, tha Vokshi<\/p>","protected":false},"excerpt":{"rendered":"<p>Partia Demokratike duket se \u00ebsht\u00eb ndar\u00eb n\u00eb dy kampe dhe sfida mes tyre sa vjen dhe b\u00ebhet m\u00eb e ashp\u00ebr. Tashm\u00eb ky \u2018dyluftim\u2019 ka shkuar deri edhe n\u00eb p\u00ebrplasjen p\u00ebr kontrollimin e rrjeteve sociale. Albana Vokshi, e cila \u00ebsht\u00eb reshtuar krah Sali Berish\u00ebs \u00ebsht\u00eb \u201chakmarr\u00eb\u201d ndaj aktit t\u00eb kryedemokratit Lulzim Basha q\u00eb ia hoqi t\u00eb [&hellip;]<\/p>\n","protected":false},"author":2020,"featured_media":225879,"comment_status":"closed","ping_status":"closed","sticky":false,"template":"","format":"standard","meta":{"footnotes":""},"categories":[241,5380,231],"tags":[],"class_list":{"0":"post-225878","1":"post","2":"type-post","3":"status-publish","4":"format-standard","5":"has-post-thumbnail","7":"category-aktualitet","8":"category-kryesore","9":"category-lajme"},"_links":{"self":[{"href":"https:\/\/zjarr.tv\/en\/wp-json\/wp\/v2\/posts\/225878","targetHints":{"allow":["GET"]}}],"collection":[{"href":"https:\/\/zjarr.tv\/en\/wp-json\/wp\/v2\/posts"}],"about":[{"href":"https:\/\/zjarr.tv\/en\/wp-json\/wp\/v2\/types\/post"}],"author":[{"embeddable":true,"href":"https:\/\/zjarr.tv\/en\/wp-json\/wp\/v2\/users\/2020"}],"replies":[{"embeddable":true,"href":"https:\/\/zjarr.tv\/en\/wp-json\/wp\/v2\/comments?post=225878"}],"version-history":[{"count":0,"href":"https:\/\/zjarr.tv\/en\/wp-json\/wp\/v2\/posts\/225878\/revisions"}],"wp:featuredmedia":[{"embeddable":true,"href":"https:\/\/zjarr.tv\/en\/wp-json\/wp\/v2\/media\/225879"}],"wp:attachment":[{"href":"https:\/\/zjarr.tv\/en\/wp-json\/wp\/v2\/media?parent=225878"}],"wp:term":[{"taxonomy":"category","embeddable":true,"href":"https:\/\/zjarr.tv\/en\/wp-json\/wp\/v2\/categories?post=225878"},{"taxonomy":"post_tag","embeddable":true,"href":"https:\/\/zjarr.tv\/en\/wp-json\/wp\/v2\/tags?post=225878"}],"curies":[{"name":"wp","href":"https:\/\/api.w.org\/{rel}","templated":true}]}}