{"id":225917,"date":"2021-12-21T13:23:31","date_gmt":"2021-12-21T12:23:31","guid":{"rendered":"https:\/\/zjarr.tv\/?p=225917"},"modified":"2021-12-21T13:23:31","modified_gmt":"2021-12-21T12:23:31","slug":"ta-bejme-te-gjithe-rajonin-nje-hapesire-te-perbashket-rama-pas-nenshkrimit-te-marreveshjes-per-ballkanin-e-hapur-per-here-te-pare-nis-tregtimi-i-kafsheve-te-gjall","status":"publish","type":"post","link":"https:\/\/zjarr.tv\/en\/ta-bejme-te-gjithe-rajonin-nje-hapesire-te-perbashket-rama-pas-nenshkrimit-te-marreveshjes-per-ballkanin-e-hapur-per-here-te-pare-nis-tregtimi-i-kafsheve-te-gjall\/","title":{"rendered":"\u201cTa b\u00ebjm\u00eb t\u00eb gjith\u00eb rajonin nj\u00eb hap\u00ebsir\u00eb t\u00eb p\u00ebrbashk\u00ebt\u201d\/ Rama pas n\u00ebnshkrimit t\u00eb marr\u00ebveshjes p\u00ebr \u201cBallkanin e Hapur\u201d: P\u00ebr her\u00eb t\u00eb par\u00eb nis tregtimi i kafsh\u00ebve t\u00eb gjalla mes 3 vendeve"},"content":{"rendered":"<p>Konferenca p\u00ebr mediat Edi Rama:<\/p>\n<p>\u201cM\u00eb vjen mir\u00eb t\u00eb informoj se kemi n\u00ebnshkruar nj\u00eb s\u00ebrr\u00ebq marr\u00ebvehsjes q\u00eb jan\u00eb finalizimi i pun\u00ebs s\u00eb p\u00ebrbashk\u00ebt intensive. K\u00ebto marr\u00ebveshje t\u00eb firmosura sot jan\u00eb nj\u00eb realitet i preksh\u00ebm nes\u00ebr, pra me hyrjen e vitit t\u00eb ri 2022. Marr\u00ebveshje p\u00ebr tregun e lir\u00eb t\u00eb pun\u00ebs e cila saksnionon t\u00eb drejt\u00ebn e qytetar\u00ebve mes tre vendeve p\u00ebr t\u00eb pasur aklses t\u00eb barabart\u00eb p\u00ebr leje pune dhe q\u00ebndrimi. Marr\u00ebveshje p\u00ebr sistemin e integruar t\u00eb sistemit elektronik p\u00ebr ti dh\u00ebn\u00eb mund\u00ebsi qytetar\u00ebve t\u00eb marrin sh\u00ebrbime t\u00eb caktuar, duke filluar nga regjistrimi si t\u00eb pranish\u00ebm n\u00eb vendin tjet\u00ebr apo me lejen e pun\u00ebs dhe ta b\u00ebjn\u00eb k\u00ebt\u00eb pa l\u00ebvizur nga sht\u00ebpia p\u00ebrmes telefonit ose kompjuterit.<\/p>\n<p>Marr\u00ebveshje n\u00eb bllok p\u00ebr ti hapur rrug\u00ebn atyre q\u00eb nd\u00ebrveprojn\u00eb mes k\u00ebtyre vbendeve si prodhues, si eksportues, si importues produktesh dhe q\u00eb kan\u00eb nj\u00eb histori t\u00eb v\u00ebshtir\u00eb pritjes radh\u00eb, verifikimesh, duke b\u00ebr\u00eb t\u00eb mundur q\u00eb nga janari i vitit t\u00eb ardhsh\u00ebm t\u00eb kalojn\u00eb lirisht n\u00eb kufijt pa pasur nevoj\u00eb q\u00eb t\u00eb sigurojn\u00eb 3 her\u00eb t\u00eb nj\u00ebjta dokumenta kur vjen puna me import-eksportin p\u00ebr produktet e tyre bujq\u00ebsore apo blektorale. Marr\u00ebveshja b\u00ebn t\u00eb mundudr p\u00ebr her\u00eb t\u00eb par\u00eb t\u00eb celet eksportiu i produkteve blektorale ku p\u00ebrfshihet edhe mes kafsh\u00ebve t\u00eb gjalla.<\/p>\n<p>Tregtuesi do t\u00eb funksionoj\u00eb si nj, \u00ebsht\u00eb nj\u00eb lajm shum i mir\u00eb p\u00ebr ata t\u00eb fush\u00ebs blektorale dhe prodhimit t\u00eb mishit, sepse k\u00ebt\u00eb nuki e b\u00ebjn\u00eb dot vendet tona n\u00eb BE. T\u00eb gjitha k\u00ebto jan\u00eb marr\u00ebveshje t\u00eb cilat jan\u00eb as m\u00eb shum\u00eb as m\u00eb pak por marr\u00ebveshje t\u00eb tregut t\u00eb p\u00ebrbashk\u00ebt mes vendeve an\u00ebtare t\u00eb BE bazuar n\u00eb nevojat e fermer\u00ebve dhe t\u00eb tregut t\u00eb p\u00ebrbashk\u00ebt rajonal i cili p\u00ebrdoret si alibi nkund\u00ebr Ballkanit t\u00eb Hapur por jet\u00ebsohet vet\u00ebm p\u00ebrmes Ballkanit t\u00eb Hapur.<\/p>\n<p>Marr\u00ebveshjet jan\u00eb prova e prekshme e nj\u00eb pakti t\u00eb thejsht\u00eb Ballkani i Hapur \u00ebsht\u00eb nj\u00eb nism\u00eb q\u00eb shtyn p\u00ebrpara cfar\u00eb \u00ebsht\u00eb dakord\u00ebsuar n\u00eb Procesin e Berlinit. Sot ishte e qart\u00eb e th\u00ebn\u00eb nga komisionari p\u00ebr zgjerimin e BE, Oliver Varhelyi e mb\u00ebshtet plot\u00ebsisht Ballkanin e Hapur dhe fton 3 vendet e tjera t\u00eb na bashkohen. Nisma po merr form\u00eb t\u00eb plot\u00eb nj\u00eb jet\u00ebn e pun\u00ebn e qytetar\u00ebve, mb\u00ebshtetja p\u00ebr nism\u00ebn nga administrata amerikane, nga komisioni evropian dhe nga vendet kryesore t\u00eb BE. Ta b\u00ebjm\u00eb rajonin ton\u00eb nj\u00eb hap\u00ebsir\u00eb ku funksionojm\u00eb p\u00ebr qytetar\u00ebt 4 lirit\u00eb themelore t\u00eb Bashkimit Europian. N\u00eb fund t\u00eb muajit shkurt t\u00eb vitit t\u00eb ardhsh\u00ebm t\u00eb ritakohemi n\u00eb Maqedonin\u00eb e Veriut p\u00ebr t\u00eb cuar p\u00ebrpara k\u00ebt\u00eb proces. T\u00eb heqim barrierat tarifore, ballkani mos ket\u00eb kufij p\u00ebr ask\u00ebnd q\u00eb do t\u00eb l\u00ebviz\u00eb\u201d, tha Rama.<\/p>","protected":false},"excerpt":{"rendered":"<p>Konferenca p\u00ebr mediat Edi Rama: \u201cM\u00eb vjen mir\u00eb t\u00eb informoj se kemi n\u00ebnshkruar nj\u00eb s\u00ebrr\u00ebq marr\u00ebvehsjes q\u00eb jan\u00eb finalizimi i pun\u00ebs s\u00eb p\u00ebrbashk\u00ebt intensive. K\u00ebto marr\u00ebveshje t\u00eb firmosura sot jan\u00eb nj\u00eb realitet i preksh\u00ebm nes\u00ebr, pra me hyrjen e vitit t\u00eb ri 2022. Marr\u00ebveshje p\u00ebr tregun e lir\u00eb t\u00eb pun\u00ebs e cila saksnionon t\u00eb drejt\u00ebn [&hellip;]<\/p>\n","protected":false},"author":2020,"featured_media":225918,"comment_status":"closed","ping_status":"closed","sticky":false,"template":"","format":"standard","meta":{"footnotes":""},"categories":[241,5380,231],"tags":[],"class_list":{"0":"post-225917","1":"post","2":"type-post","3":"status-publish","4":"format-standard","5":"has-post-thumbnail","7":"category-aktualitet","8":"category-kryesore","9":"category-lajme"},"_links":{"self":[{"href":"https:\/\/zjarr.tv\/en\/wp-json\/wp\/v2\/posts\/225917","targetHints":{"allow":["GET"]}}],"collection":[{"href":"https:\/\/zjarr.tv\/en\/wp-json\/wp\/v2\/posts"}],"about":[{"href":"https:\/\/zjarr.tv\/en\/wp-json\/wp\/v2\/types\/post"}],"author":[{"embeddable":true,"href":"https:\/\/zjarr.tv\/en\/wp-json\/wp\/v2\/users\/2020"}],"replies":[{"embeddable":true,"href":"https:\/\/zjarr.tv\/en\/wp-json\/wp\/v2\/comments?post=225917"}],"version-history":[{"count":0,"href":"https:\/\/zjarr.tv\/en\/wp-json\/wp\/v2\/posts\/225917\/revisions"}],"wp:featuredmedia":[{"embeddable":true,"href":"https:\/\/zjarr.tv\/en\/wp-json\/wp\/v2\/media\/225918"}],"wp:attachment":[{"href":"https:\/\/zjarr.tv\/en\/wp-json\/wp\/v2\/media?parent=225917"}],"wp:term":[{"taxonomy":"category","embeddable":true,"href":"https:\/\/zjarr.tv\/en\/wp-json\/wp\/v2\/categories?post=225917"},{"taxonomy":"post_tag","embeddable":true,"href":"https:\/\/zjarr.tv\/en\/wp-json\/wp\/v2\/tags?post=225917"}],"curies":[{"name":"wp","href":"https:\/\/api.w.org\/{rel}","templated":true}]}}