{"id":226413,"date":"2021-12-23T08:39:41","date_gmt":"2021-12-23T07:39:41","guid":{"rendered":"https:\/\/zjarr.tv\/?p=226413"},"modified":"2021-12-23T08:39:41","modified_gmt":"2021-12-23T07:39:41","slug":"ivi-kaso-ekziston-nje-databaze-e-trete-me-te-dhena-me-te-ndjeshme","status":"publish","type":"post","link":"https:\/\/zjarr.tv\/en\/ivi-kaso-ekziston-nje-databaze-e-trete-me-te-dhena-me-te-ndjeshme\/","title":{"rendered":"Ivi Kaso: Ekziston nj\u00eb databaz\u00eb e tret\u00eb me t\u00eb dh\u00ebna m\u00eb t\u00eb ndjeshme"},"content":{"rendered":"<p>Ivi Kaso, an\u00ebtar i Komisionit t\u00eb Rithemelimit t\u00eb Partis\u00eb Demokratike thot\u00eb se databaza p\u00ebr pagat \u00ebsht\u00eb vazhdim i publikimit t\u00eb t\u00eb dh\u00ebnave p\u00ebr votuesit para zgjedhjeve.<\/p>\n<p>Sipas tij, pas publikimit t\u00eb dy listave t\u00eb para q\u00ebndron dhe nj\u00eb list\u00eb e tret\u00eb q\u00eb ka t\u00eb dh\u00ebna m\u00eb sensitive, pasi lidhet me kredit\u00eb.<\/p>\n<p>\u201cKa dyshime se databaza ishte n\u00eb disa nivele, ishte niveli i par\u00eb q\u00eb u b\u00eb publik dhe ky \u00ebsht\u00eb niveli i dyt\u00eb. Flitet q\u00eb ka dhe nivele t\u00eb tjera q\u00eb kan\u00eb t\u00eb dh\u00ebna akoma edhe m\u00eb sensitive si\u00e7 jan\u00eb t\u00eb dh\u00ebnat bankare, regjistri i kredive q\u00eb ekspozon p\u00ebrball\u00eb jo vet\u00ebm institucioneve shtet\u00ebrore por edhe grupeve kriminale\u201d, tha ai.<\/p>\n<p>Sipas Kasos, drejt\u00ebsia nuk e ka b\u00ebr\u00eb pun\u00ebn e saj p\u00ebr t\u00eb hetuar k\u00ebt\u00eb skandal dhe gjith\u00e7ka \u00ebsht\u00eb trajtuar vet\u00ebm n\u00eb kuadrin e shakave.<\/p>\n<p>Ai shtoi se duhej t\u00eb ishte ngritur nj\u00eb grup hetimi dhe t\u00eb viheshin p\u00ebrball\u00eb p\u00ebrgjegj\u00ebsis\u00eb institucionet.<\/p>\n<p>Ivi Kaso shtoi se vet\u00ebm dje Gjykata e Lart\u00eb ka pushuar \u00e7\u00ebshtjen e \u201cPatronazhist\u00ebve\u201d duke e l\u00ebn\u00eb at\u00eb p\u00ebrfundimisht si nj\u00eb \u00e7\u00ebshtje t\u00eb r\u00ebndomt\u00eb.<\/p>","protected":false},"excerpt":{"rendered":"<p>Ivi Kaso, an\u00ebtar i Komisionit t\u00eb Rithemelimit t\u00eb Partis\u00eb Demokratike thot\u00eb se databaza p\u00ebr pagat \u00ebsht\u00eb vazhdim i publikimit t\u00eb t\u00eb dh\u00ebnave p\u00ebr votuesit para zgjedhjeve. Sipas tij, pas publikimit t\u00eb dy listave t\u00eb para q\u00ebndron dhe nj\u00eb list\u00eb e tret\u00eb q\u00eb ka t\u00eb dh\u00ebna m\u00eb sensitive, pasi lidhet me kredit\u00eb. \u201cKa dyshime se databaza [&hellip;]<\/p>\n","protected":false},"author":2031,"featured_media":226414,"comment_status":"closed","ping_status":"closed","sticky":false,"template":"","format":"standard","meta":{"footnotes":""},"categories":[231],"tags":[],"class_list":{"0":"post-226413","1":"post","2":"type-post","3":"status-publish","4":"format-standard","5":"has-post-thumbnail","7":"category-lajme"},"_links":{"self":[{"href":"https:\/\/zjarr.tv\/en\/wp-json\/wp\/v2\/posts\/226413","targetHints":{"allow":["GET"]}}],"collection":[{"href":"https:\/\/zjarr.tv\/en\/wp-json\/wp\/v2\/posts"}],"about":[{"href":"https:\/\/zjarr.tv\/en\/wp-json\/wp\/v2\/types\/post"}],"author":[{"embeddable":true,"href":"https:\/\/zjarr.tv\/en\/wp-json\/wp\/v2\/users\/2031"}],"replies":[{"embeddable":true,"href":"https:\/\/zjarr.tv\/en\/wp-json\/wp\/v2\/comments?post=226413"}],"version-history":[{"count":0,"href":"https:\/\/zjarr.tv\/en\/wp-json\/wp\/v2\/posts\/226413\/revisions"}],"wp:featuredmedia":[{"embeddable":true,"href":"https:\/\/zjarr.tv\/en\/wp-json\/wp\/v2\/media\/226414"}],"wp:attachment":[{"href":"https:\/\/zjarr.tv\/en\/wp-json\/wp\/v2\/media?parent=226413"}],"wp:term":[{"taxonomy":"category","embeddable":true,"href":"https:\/\/zjarr.tv\/en\/wp-json\/wp\/v2\/categories?post=226413"},{"taxonomy":"post_tag","embeddable":true,"href":"https:\/\/zjarr.tv\/en\/wp-json\/wp\/v2\/tags?post=226413"}],"curies":[{"name":"wp","href":"https:\/\/api.w.org\/{rel}","templated":true}]}}