{"id":226418,"date":"2021-12-23T08:41:49","date_gmt":"2021-12-23T07:41:49","guid":{"rendered":"https:\/\/zjarr.tv\/?p=226418"},"modified":"2021-12-23T08:41:49","modified_gmt":"2021-12-23T07:41:49","slug":"shehaj-skandal-me-i-rende-ishte-reagimi-i-qeverise-te-dhenat-kane-rrjedhur-nga-shteti","status":"publish","type":"post","link":"https:\/\/zjarr.tv\/en\/shehaj-skandal-me-i-rende-ishte-reagimi-i-qeverise-te-dhenat-kane-rrjedhur-nga-shteti\/","title":{"rendered":"Shehaj: Skandal m\u00eb i r\u00ebnd\u00eb ishte reagimi i qeveris\u00eb! T\u00eb dh\u00ebnat kan\u00eb rrjedhur nga shteti"},"content":{"rendered":"<p>Deputeti i Partis\u00eb Demokratike Agron Shehaj ka reaguar pas publikimit t\u00eb t\u00eb dh\u00ebnave sensitive mbi pagat e mbi 637 mij\u00eb shqiptar\u00ebve.<\/p>\n<p>\u2018Publikimi i t\u00eb dh\u00ebnave sensitive mbi pagat dhe numrat personal\u00eb t\u00eb qytetar\u00ebve \u00ebsht\u00eb nj\u00eb skandal shum\u00eb i r\u00ebnd\u00eb. Por nj\u00eb skandal akoma edhe m\u00eb i r\u00ebnd\u00eb \u00ebsht\u00eb reagimi i qeveris\u00eb p\u00ebr k\u00ebt\u00eb ngjarje\u2019, shkruan Shehaj n\u00eb Facebook.<\/p>\n<p>Postimi i plot\u00eb i Agron Shehaj:<\/p>\n<p>Publikimi i t\u00eb dh\u00ebnave sensitive mbi pagat dhe numrat personal\u00eb t\u00eb qytetar\u00ebve \u00ebsht\u00eb nj\u00eb skandal shum\u00eb i r\u00ebnd\u00eb. Por nj\u00eb skandal akoma edhe m\u00eb i r\u00ebnd\u00eb \u00ebsht\u00eb reagimi i qeveris\u00eb p\u00ebr k\u00ebt\u00eb ngjarje.<\/p>\n<p>N\u00eb vend q\u00eb t\u00eb k\u00ebrkonte ndjes\u00eb publike para qytetar\u00ebve, Kryeministri u mundua t\u00eb shfajesohej duke th\u00ebn\u00eb se nuk ka ndodhur asnj\u00eb eksportim dixhital i databaz\u00ebs s\u00eb pagave dhe se lista q\u00eb qarkullon \u00ebsht\u00eb nj\u00eb bashkim ilegal.<\/p>\n<p>Ky \u00ebsht\u00eb nj\u00eb shfaj\u00ebsim qesharak. Kjo \u00ebsht\u00eb nj\u00eb list\u00eb me t\u00eb dh\u00ebna, t\u00eb cilat disponohen vet\u00ebm nga institucionet shtet\u00ebrore. Nuk ka asnj\u00eb r\u00ebnd\u00ebsi nga cili institucion ka rrjedhur databaza. K\u00ebto jan\u00eb t\u00eb dh\u00ebna q\u00eb kan\u00eb rrjedhur nga shteti shqiptar.<\/p>\n<p>Qytetar\u00ebt dhe bizneset jan\u00eb krejt t\u00eb ekspozuar e t\u00eb pasigurt me nj\u00eb qeveri q\u00eb jo vet\u00ebm \u00ebsht\u00eb e paaft\u00eb p\u00ebr t\u2019i mbrojtur por, i d\u00ebmton.<\/p>\n<p>P\u00ebrgjegj\u00ebsia politike, por edhe penale n\u00eb k\u00ebt\u00eb rast \u00ebsht\u00eb e qart\u00eb q\u00eb \u00ebsht\u00eb e qeveris\u00eb. D\u00ebmi q\u00eb publikimi i t\u00eb dh\u00ebnave i ka b\u00ebr\u00eb mbi 630 mij\u00eb qytetareve dhe bizneseve \u00ebsht\u00eb i jasht\u00ebzakonsh\u00ebm dhe shum\u00ebplan\u00ebsh.<\/p>\n<p>Bizneset po p\u00ebrballen me konflikte t\u00eb brendshme me pasoja shum\u00eb t\u00eb r\u00ebnda. Qytetar\u00ebt shqiptar\u00eb, t\u00eb cil\u00ebt i kan\u00eb besuar shtetit t\u00eb dh\u00ebnat e tyre personale, tashm\u00eb i kan\u00eb ato publike duke qen\u00eb t\u00eb rrezikuar p\u00ebr t\u2019u keqp\u00ebrdorur nga kushdo.<\/p>\n<p>SPAK duhet te veproj\u00eb sa m\u00eb shpejt n\u00eb m\u00ebnyr\u00eb q\u00eb ky skandal mos kaloj\u00eb pa nd\u00ebshkimin e autor\u00ebve.<\/p>","protected":false},"excerpt":{"rendered":"<p>Deputeti i Partis\u00eb Demokratike Agron Shehaj ka reaguar pas publikimit t\u00eb t\u00eb dh\u00ebnave sensitive mbi pagat e mbi 637 mij\u00eb shqiptar\u00ebve. \u2018Publikimi i t\u00eb dh\u00ebnave sensitive mbi pagat dhe numrat personal\u00eb t\u00eb qytetar\u00ebve \u00ebsht\u00eb nj\u00eb skandal shum\u00eb i r\u00ebnd\u00eb. Por nj\u00eb skandal akoma edhe m\u00eb i r\u00ebnd\u00eb \u00ebsht\u00eb reagimi i qeveris\u00eb p\u00ebr k\u00ebt\u00eb ngjarje\u2019, shkruan [&hellip;]<\/p>\n","protected":false},"author":2031,"featured_media":186272,"comment_status":"closed","ping_status":"closed","sticky":false,"template":"","format":"standard","meta":{"footnotes":""},"categories":[231],"tags":[],"class_list":{"0":"post-226418","1":"post","2":"type-post","3":"status-publish","4":"format-standard","5":"has-post-thumbnail","7":"category-lajme"},"_links":{"self":[{"href":"https:\/\/zjarr.tv\/en\/wp-json\/wp\/v2\/posts\/226418","targetHints":{"allow":["GET"]}}],"collection":[{"href":"https:\/\/zjarr.tv\/en\/wp-json\/wp\/v2\/posts"}],"about":[{"href":"https:\/\/zjarr.tv\/en\/wp-json\/wp\/v2\/types\/post"}],"author":[{"embeddable":true,"href":"https:\/\/zjarr.tv\/en\/wp-json\/wp\/v2\/users\/2031"}],"replies":[{"embeddable":true,"href":"https:\/\/zjarr.tv\/en\/wp-json\/wp\/v2\/comments?post=226418"}],"version-history":[{"count":0,"href":"https:\/\/zjarr.tv\/en\/wp-json\/wp\/v2\/posts\/226418\/revisions"}],"wp:featuredmedia":[{"embeddable":true,"href":"https:\/\/zjarr.tv\/en\/wp-json\/wp\/v2\/media\/186272"}],"wp:attachment":[{"href":"https:\/\/zjarr.tv\/en\/wp-json\/wp\/v2\/media?parent=226418"}],"wp:term":[{"taxonomy":"category","embeddable":true,"href":"https:\/\/zjarr.tv\/en\/wp-json\/wp\/v2\/categories?post=226418"},{"taxonomy":"post_tag","embeddable":true,"href":"https:\/\/zjarr.tv\/en\/wp-json\/wp\/v2\/tags?post=226418"}],"curies":[{"name":"wp","href":"https:\/\/api.w.org\/{rel}","templated":true}]}}