{"id":228276,"date":"2022-01-01T19:37:39","date_gmt":"2022-01-01T18:37:39","guid":{"rendered":"https:\/\/zjarr.tv\/?p=228276"},"modified":"2022-01-01T19:37:39","modified_gmt":"2022-01-01T18:37:39","slug":"lefter-koka-feston-ne-burg-neser-do-kerkoje-lirine-ne-apelin-e-posacem-akuzohet-per-pervetesimin-e-3-7-milione-eurove","status":"publish","type":"post","link":"https:\/\/zjarr.tv\/en\/lefter-koka-feston-ne-burg-neser-do-kerkoje-lirine-ne-apelin-e-posacem-akuzohet-per-pervetesimin-e-3-7-milione-eurove\/","title":{"rendered":"Lefter Koka feston n\u00eb burg, nes\u00ebr do k\u00ebrkoj\u00eb lirin\u00eb n\u00eb Apelin e Posa\u00e7\u00ebm, akuzohet p\u00ebr p\u00ebrvet\u00ebsimin e 3.7 milion\u00eb eurove"},"content":{"rendered":"<p>Ish-ministri Lefter Koka do t\u00eb dal\u00eb nes\u00ebr para togave t\u00eb zeza t\u00eb Gjykat\u00ebs s\u00eb Posa\u00e7me t\u00eb Apelit. Ai k\u00ebrkon lirin\u00eb dhe pretendon p\u00ebr mas\u00eb m\u00eb t\u00eb but\u00eb sigurie pasi \u00ebsht\u00eb nj\u00eb person q\u00eb nuk ka rrezikshm\u00ebri shoq\u00ebrore, dhe as mund t\u00eb prish\u00eb ndonj\u00eb prov\u00eb.<\/p>\n<p>Ai akuzohet p\u00ebr shp\u00ebrdorim detyre pasi sipas SPAK, ka marr\u00eb 3.7 milion\u00eb euro q\u00eb t\u00eb favorizonte dy kompani p\u00ebr nd\u00ebrtimin e inceneratorit t\u00eb Elbasanit. M\u00eb dat\u00eb 16 dhjetor n\u00eb caktimin e mas\u00ebs paraprake t\u00eb siguris\u00eb, GJKKO e la ish-ministrin n\u00eb burg.<\/p>\n<p>K\u00ebt\u00eb vit t\u00eb ri 2022 Lefter Koka e kaloi prapa hekurave, megjithat\u00eb ai shpreson q\u00eb nes\u00ebr t\u00eb dal\u00eb nga paraburgimi.<\/p>\n<p>Avokat\u00ebt k\u00ebrkojn\u00eb q\u00eb klienti i tyre t\u00eb hetohet n\u00eb nj\u00eb mas\u00eb m\u00eb t\u00eb leht\u00eb sigurie. Fatmir Braka dhe Julian M\u00ebrtiri argumentojn\u00eb k\u00ebrkes\u00ebn bazuar n\u00eb faktin se ish-ministri nuk ka rrezikshm\u00ebri shoq\u00ebrore.<\/p>\n<p>\u201cNuk jam i rreziksh\u00ebm! Nuk i shmangem hetimit dhe nuk kam shkelur asnj\u00eb ligj\u201d, ka th\u00ebn\u00eb nd\u00ebr t\u00eb tjera n\u00eb k\u00ebrkes\u00ebn e tij p\u00ebr liri Lefter Koka, e depozituar n\u00eb Gjykat\u00eb pak dit\u00eb m\u00eb par\u00eb.<\/p>","protected":false},"excerpt":{"rendered":"<p>Ish-ministri Lefter Koka do t\u00eb dal\u00eb nes\u00ebr para togave t\u00eb zeza t\u00eb Gjykat\u00ebs s\u00eb Posa\u00e7me t\u00eb Apelit. Ai k\u00ebrkon lirin\u00eb dhe pretendon p\u00ebr mas\u00eb m\u00eb t\u00eb but\u00eb sigurie pasi \u00ebsht\u00eb nj\u00eb person q\u00eb nuk ka rrezikshm\u00ebri shoq\u00ebrore, dhe as mund t\u00eb prish\u00eb ndonj\u00eb prov\u00eb. Ai akuzohet p\u00ebr shp\u00ebrdorim detyre pasi sipas SPAK, ka marr\u00eb 3.7 [&hellip;]<\/p>\n","protected":false},"author":2031,"featured_media":212259,"comment_status":"closed","ping_status":"closed","sticky":false,"template":"","format":"standard","meta":{"footnotes":""},"categories":[231],"tags":[],"class_list":{"0":"post-228276","1":"post","2":"type-post","3":"status-publish","4":"format-standard","5":"has-post-thumbnail","7":"category-lajme"},"_links":{"self":[{"href":"https:\/\/zjarr.tv\/en\/wp-json\/wp\/v2\/posts\/228276","targetHints":{"allow":["GET"]}}],"collection":[{"href":"https:\/\/zjarr.tv\/en\/wp-json\/wp\/v2\/posts"}],"about":[{"href":"https:\/\/zjarr.tv\/en\/wp-json\/wp\/v2\/types\/post"}],"author":[{"embeddable":true,"href":"https:\/\/zjarr.tv\/en\/wp-json\/wp\/v2\/users\/2031"}],"replies":[{"embeddable":true,"href":"https:\/\/zjarr.tv\/en\/wp-json\/wp\/v2\/comments?post=228276"}],"version-history":[{"count":0,"href":"https:\/\/zjarr.tv\/en\/wp-json\/wp\/v2\/posts\/228276\/revisions"}],"wp:featuredmedia":[{"embeddable":true,"href":"https:\/\/zjarr.tv\/en\/wp-json\/wp\/v2\/media\/212259"}],"wp:attachment":[{"href":"https:\/\/zjarr.tv\/en\/wp-json\/wp\/v2\/media?parent=228276"}],"wp:term":[{"taxonomy":"category","embeddable":true,"href":"https:\/\/zjarr.tv\/en\/wp-json\/wp\/v2\/categories?post=228276"},{"taxonomy":"post_tag","embeddable":true,"href":"https:\/\/zjarr.tv\/en\/wp-json\/wp\/v2\/tags?post=228276"}],"curies":[{"name":"wp","href":"https:\/\/api.w.org\/{rel}","templated":true}]}}