{"id":228283,"date":"2022-01-01T19:49:46","date_gmt":"2022-01-01T18:49:46","guid":{"rendered":"https:\/\/zjarr.tv\/?p=228283"},"modified":"2022-01-01T19:49:46","modified_gmt":"2022-01-01T18:49:46","slug":"me-djalin-e-vogel-dhe-vajzen-kjo-eshte-foto-e-pare-per-2022-e-ministres-spiropali","status":"publish","type":"post","link":"https:\/\/zjarr.tv\/en\/me-djalin-e-vogel-dhe-vajzen-kjo-eshte-foto-e-pare-per-2022-e-ministres-spiropali\/","title":{"rendered":"Me djalin e vog\u00ebl dhe vajz\u00ebn, kjo \u00ebsht\u00eb foto e par\u00eb p\u00ebr 2022 e ministres Spiropali"},"content":{"rendered":"<p>Ministrja Elisa Spiropali uron Vitin e Ri 2022 me nj\u00eb foto t\u00eb ve\u00e7ant\u00eb familjare. Me dy f\u00ebmij\u00ebt e saj, djalin e vog\u00ebl dhe vajz\u00ebn ministrja uron nj\u00eb vit sa m\u00eb t\u00eb mbar\u00eb.<\/p>","protected":false},"excerpt":{"rendered":"<p>Ministrja Elisa Spiropali uron Vitin e Ri 2022 me nj\u00eb foto t\u00eb ve\u00e7ant\u00eb familjare. Me dy f\u00ebmij\u00ebt e saj, djalin e vog\u00ebl dhe vajz\u00ebn ministrja uron nj\u00eb vit sa m\u00eb t\u00eb mbar\u00eb.<\/p>","protected":false},"author":2031,"featured_media":228284,"comment_status":"closed","ping_status":"closed","sticky":false,"template":"","format":"standard","meta":{"footnotes":""},"categories":[231],"tags":[],"class_list":{"0":"post-228283","1":"post","2":"type-post","3":"status-publish","4":"format-standard","5":"has-post-thumbnail","7":"category-lajme"},"_links":{"self":[{"href":"https:\/\/zjarr.tv\/en\/wp-json\/wp\/v2\/posts\/228283","targetHints":{"allow":["GET"]}}],"collection":[{"href":"https:\/\/zjarr.tv\/en\/wp-json\/wp\/v2\/posts"}],"about":[{"href":"https:\/\/zjarr.tv\/en\/wp-json\/wp\/v2\/types\/post"}],"author":[{"embeddable":true,"href":"https:\/\/zjarr.tv\/en\/wp-json\/wp\/v2\/users\/2031"}],"replies":[{"embeddable":true,"href":"https:\/\/zjarr.tv\/en\/wp-json\/wp\/v2\/comments?post=228283"}],"version-history":[{"count":0,"href":"https:\/\/zjarr.tv\/en\/wp-json\/wp\/v2\/posts\/228283\/revisions"}],"wp:featuredmedia":[{"embeddable":true,"href":"https:\/\/zjarr.tv\/en\/wp-json\/wp\/v2\/media\/228284"}],"wp:attachment":[{"href":"https:\/\/zjarr.tv\/en\/wp-json\/wp\/v2\/media?parent=228283"}],"wp:term":[{"taxonomy":"category","embeddable":true,"href":"https:\/\/zjarr.tv\/en\/wp-json\/wp\/v2\/categories?post=228283"},{"taxonomy":"post_tag","embeddable":true,"href":"https:\/\/zjarr.tv\/en\/wp-json\/wp\/v2\/tags?post=228283"}],"curies":[{"name":"wp","href":"https:\/\/api.w.org\/{rel}","templated":true}]}}