{"id":228292,"date":"2022-01-02T05:42:09","date_gmt":"2022-01-02T04:42:09","guid":{"rendered":"https:\/\/zjarr.tv\/?p=228292"},"modified":"2022-01-02T05:42:09","modified_gmt":"2022-01-02T04:42:09","slug":"mjerimi-i-fundvitit-lajci-reagon-ashper-ndaj-ronela-hajatittekstet-i-shkruejne-ne-wc-ose-tue-ba","status":"publish","type":"post","link":"https:\/\/zjarr.tv\/en\/mjerimi-i-fundvitit-lajci-reagon-ashper-ndaj-ronela-hajatittekstet-i-shkruejne-ne-wc-ose-tue-ba\/","title":{"rendered":"\u201cMjerimi i fundvitit\u201d, Laj\u00e7i reagon ashp\u00ebr ndaj Ronela Hajatit:\u2019Tekstet i shkruejn\u00eb n\u00eb WC ose tue ba&#8230;\u2019"},"content":{"rendered":"<p>K\u00ebng\u00ebtarja shqiptare, Ronela Hajati ka fituar vendin e par\u00eb n\u00eb Festivalin e K\u00ebng\u00ebs ku me k\u00ebt\u00eb rast do t\u00eb p\u00ebrfaq\u00ebsoj\u00eb Shqip\u00ebrin\u00eb n\u00eb Eurovision.<\/p>\n<p>Ndaj k\u00ebtij lajmi ka reaguar edhe aktori, \u00c7un Laj\u00e7i i cili p\u00ebrmes nj\u00eb postimi n\u00eb rrjetin social \u2018Facebook\u2019 u shpreh se ky \u00ebsht\u00eb mjerim i fundvitit.<\/p>\n<p>POSTIMI I PLOT\u00cb:<br \/>\nMjerimi i fundvitit<br \/>\nS\u2019e besoni, e di, por at\u00eb nat\u00eb, mbas k\u00ebsaj kange, ika n\u2019shtrat, tue i than\u00eb Galush\u00ebs: Kjo mjerane fiton! Ajo kund\u00ebrshtoi dhe m\u2019kqyri shtremb\u00ebt! Po i thash\u00eb, se kjo qenka ermene, azerbejxhane, jevge e ruse e asnji grim\u00eb shqiptare. K\u00ebshtu ka degjenerua nji pjes\u00eb e madhe votuesish e kang\u00ebtar\u00ebsh q\u00eb tekstet i shkruejn\u00eb ne WC ose tue ba se*x!<\/p>\n<p>Mjerimi m\u2019kaploi kur e lexova ne internet se kjo kishte fitua e do ta prezantoi Shqipnin\u00eb n\u2019Eurovizion!<\/p>","protected":false},"excerpt":{"rendered":"<p>K\u00ebng\u00ebtarja shqiptare, Ronela Hajati ka fituar vendin e par\u00eb n\u00eb Festivalin e K\u00ebng\u00ebs ku me k\u00ebt\u00eb rast do t\u00eb p\u00ebrfaq\u00ebsoj\u00eb Shqip\u00ebrin\u00eb n\u00eb Eurovision. Ndaj k\u00ebtij lajmi ka reaguar edhe aktori, \u00c7un Laj\u00e7i i cili p\u00ebrmes nj\u00eb postimi n\u00eb rrjetin social \u2018Facebook\u2019 u shpreh se ky \u00ebsht\u00eb mjerim i fundvitit. POSTIMI I PLOT\u00cb: Mjerimi i fundvitit [&hellip;]<\/p>\n","protected":false},"author":2030,"featured_media":228293,"comment_status":"closed","ping_status":"closed","sticky":false,"template":"","format":"standard","meta":{"footnotes":""},"categories":[241,3366,5380,193],"tags":[],"class_list":{"0":"post-228292","1":"post","2":"type-post","3":"status-publish","4":"format-standard","5":"has-post-thumbnail","7":"category-aktualitet","8":"category-koment","9":"category-kryesore","10":"category-showbiz"},"_links":{"self":[{"href":"https:\/\/zjarr.tv\/en\/wp-json\/wp\/v2\/posts\/228292","targetHints":{"allow":["GET"]}}],"collection":[{"href":"https:\/\/zjarr.tv\/en\/wp-json\/wp\/v2\/posts"}],"about":[{"href":"https:\/\/zjarr.tv\/en\/wp-json\/wp\/v2\/types\/post"}],"author":[{"embeddable":true,"href":"https:\/\/zjarr.tv\/en\/wp-json\/wp\/v2\/users\/2030"}],"replies":[{"embeddable":true,"href":"https:\/\/zjarr.tv\/en\/wp-json\/wp\/v2\/comments?post=228292"}],"version-history":[{"count":0,"href":"https:\/\/zjarr.tv\/en\/wp-json\/wp\/v2\/posts\/228292\/revisions"}],"wp:featuredmedia":[{"embeddable":true,"href":"https:\/\/zjarr.tv\/en\/wp-json\/wp\/v2\/media\/228293"}],"wp:attachment":[{"href":"https:\/\/zjarr.tv\/en\/wp-json\/wp\/v2\/media?parent=228292"}],"wp:term":[{"taxonomy":"category","embeddable":true,"href":"https:\/\/zjarr.tv\/en\/wp-json\/wp\/v2\/categories?post=228292"},{"taxonomy":"post_tag","embeddable":true,"href":"https:\/\/zjarr.tv\/en\/wp-json\/wp\/v2\/tags?post=228292"}],"curies":[{"name":"wp","href":"https:\/\/api.w.org\/{rel}","templated":true}]}}