{"id":228311,"date":"2022-01-02T17:50:06","date_gmt":"2022-01-02T16:50:06","guid":{"rendered":"https:\/\/zjarr.tv\/?p=228311"},"modified":"2022-01-02T17:50:06","modified_gmt":"2022-01-02T16:50:06","slug":"dasho-drejtesi-dhe-rikthim-ne-detyre-per-dr-ilir-allkjan","status":"publish","type":"post","link":"https:\/\/zjarr.tv\/en\/dasho-drejtesi-dhe-rikthim-ne-detyre-per-dr-ilir-allkjan\/","title":{"rendered":"Dasho: Drejt\u00ebsi dhe rikthim n\u00eb detyr\u00eb p\u00ebr Dr. Ilir Allkjan!"},"content":{"rendered":"<p>Eksperti i sh\u00ebndet\u00ebsis\u00eb Erion Dasho i ka b\u00ebr\u00eb thirrje sot, organeve t\u00eb drejt\u00ebsis\u00eb dhe t\u00eb Ministris\u00eb s\u00eb Sh\u00ebndet\u00ebsis\u00eb t\u00eb rikthejn\u00eb n\u00eb detyr\u00eb mjekun e njohur Ilir Allkja, i cili u pushua padrejt\u00ebsisht nga detyra n\u00eb Urgjenc\u00ebn e Tiran\u00ebs vet\u00ebm pse guxoi t\u00eb denonconte faktin se mjek\u00ebt dhe infermier\u00ebt poi detyronin t\u00eb sh\u00ebrbenin n\u00eb pikun e pandemis\u00eb t\u00eb papajisur me mjetet e duhura. <\/p>\n<p>N\u00eb sh\u00ebnimin e tij me titull \u201cDrejt\u00ebsi p\u00ebr<\/p>\n<p> Dr. Ilirin\u201d, eksperti Erion Dasho shprehet: <\/p>\n<p>\u201cNj\u00eb dit\u00eb para Vitit t\u00eb Ri 2021, me nj\u00eb plan diabolik, klarinestiti q\u00eb drejtonte n\u00eb at\u00eb koh\u00eb QSUT-n\u00eb, pushonte nga puna Dr. Ilir Allkjan duke e l\u00ebn\u00eb jo vet\u00ebm pa pun\u00eb, por edhe pa fest\u00eb. Pati nj\u00eb apo dy protesta t\u00eb vak\u00ebta t\u00eb koleg\u00ebve dhe pas disa dit\u00ebsh \u00e7do gj\u00eb u harrua! <\/p>\n<p>Vet\u00ebm se jo p\u00ebr Dr. Ilirin, i cili ka nj\u00eb vit pa pun\u00eb dhe pa t\u00eb ardhura p\u00ebr t\u00eb ushqyer familjen. <\/p>\n<p>\u00cbsht\u00eb n\u00eb nderin e drejtuesve t\u00eb sh\u00ebndet\u00ebsis\u00eb n\u00eb Shqip\u00ebri t\u00eb korrigjojn\u00eb krimin q\u00eb kan\u00eb b\u00ebr\u00eb n\u00eb kurriz t\u00eb familjes dhe t\u00eb Dr. Ilirit duke e rikthyer at\u00eb n\u00eb sh\u00ebrbim t\u00eb pacient\u00ebve. <\/p>\n<p>Shqip\u00ebria me 1.1 mjek p\u00ebr 1 mij\u00eb banor\u00eb, nuk e ka luksin t\u00eb humb\u00eb asnj\u00eb mjek t\u00eb vet\u00ebm! <\/p>\n<p>Drejt\u00ebsi dhe rikthim n\u00eb detyr\u00eb p\u00ebr Dr. Ilir Allkjan!\u201d- thekson n\u00eb p\u00ebrfundim dr. Dasho<\/p>","protected":false},"excerpt":{"rendered":"<p>Eksperti i sh\u00ebndet\u00ebsis\u00eb Erion Dasho i ka b\u00ebr\u00eb thirrje sot, organeve t\u00eb drejt\u00ebsis\u00eb dhe t\u00eb Ministris\u00eb s\u00eb Sh\u00ebndet\u00ebsis\u00eb t\u00eb rikthejn\u00eb n\u00eb detyr\u00eb mjekun e njohur Ilir Allkja, i cili u pushua padrejt\u00ebsisht nga detyra n\u00eb Urgjenc\u00ebn e Tiran\u00ebs vet\u00ebm pse guxoi t\u00eb denonconte faktin se mjek\u00ebt dhe infermier\u00ebt poi detyronin t\u00eb sh\u00ebrbenin n\u00eb pikun e [&hellip;]<\/p>\n","protected":false},"author":2031,"featured_media":228312,"comment_status":"closed","ping_status":"closed","sticky":false,"template":"","format":"standard","meta":{"footnotes":""},"categories":[231],"tags":[],"class_list":{"0":"post-228311","1":"post","2":"type-post","3":"status-publish","4":"format-standard","5":"has-post-thumbnail","7":"category-lajme"},"_links":{"self":[{"href":"https:\/\/zjarr.tv\/en\/wp-json\/wp\/v2\/posts\/228311","targetHints":{"allow":["GET"]}}],"collection":[{"href":"https:\/\/zjarr.tv\/en\/wp-json\/wp\/v2\/posts"}],"about":[{"href":"https:\/\/zjarr.tv\/en\/wp-json\/wp\/v2\/types\/post"}],"author":[{"embeddable":true,"href":"https:\/\/zjarr.tv\/en\/wp-json\/wp\/v2\/users\/2031"}],"replies":[{"embeddable":true,"href":"https:\/\/zjarr.tv\/en\/wp-json\/wp\/v2\/comments?post=228311"}],"version-history":[{"count":0,"href":"https:\/\/zjarr.tv\/en\/wp-json\/wp\/v2\/posts\/228311\/revisions"}],"wp:featuredmedia":[{"embeddable":true,"href":"https:\/\/zjarr.tv\/en\/wp-json\/wp\/v2\/media\/228312"}],"wp:attachment":[{"href":"https:\/\/zjarr.tv\/en\/wp-json\/wp\/v2\/media?parent=228311"}],"wp:term":[{"taxonomy":"category","embeddable":true,"href":"https:\/\/zjarr.tv\/en\/wp-json\/wp\/v2\/categories?post=228311"},{"taxonomy":"post_tag","embeddable":true,"href":"https:\/\/zjarr.tv\/en\/wp-json\/wp\/v2\/tags?post=228311"}],"curies":[{"name":"wp","href":"https:\/\/api.w.org\/{rel}","templated":true}]}}