{"id":228328,"date":"2022-01-02T21:37:24","date_gmt":"2022-01-02T20:37:24","guid":{"rendered":"https:\/\/zjarr.tv\/?p=228328"},"modified":"2022-01-02T21:37:24","modified_gmt":"2022-01-02T20:37:24","slug":"policia-aksion-blic-ne-lokalet-e-elbasanit-shoqerohen-disa-persona","status":"publish","type":"post","link":"https:\/\/zjarr.tv\/en\/policia-aksion-blic-ne-lokalet-e-elbasanit-shoqerohen-disa-persona\/","title":{"rendered":"Policia aksion \u2018blic\u2019 n\u00eb lokalet e Elbasanit, shoq\u00ebrohen disa persona"},"content":{"rendered":"<p>Policia e Elbasanit ka zhvilluar mbr\u00ebmjen e sotme nj\u00eb s\u00ebr\u00eb kontrollesh t\u00eb befasishme n\u00eb disa lokale t\u00eb qytetit dhe ambiente t\u00eb tjera, duke shoq\u00ebruar disa persona.<\/p>\n<p>M\u00ebsohet se aksioni \u00ebsht\u00eb zhvilluar n\u00eb ambiente ku mendohet se ushtrohet aktivitet i jasht\u00ebligjsh\u00ebm apo q\u00ebndrojn\u00eb persona me rrezikshm\u00ebri t\u00eb lart\u00eb dhe precedent\u00eb penal\u00eb.<\/p>\n<p>Deri n\u00eb k\u00ebto momente raportohet p\u00ebr disa t\u00eb shoq\u00ebruar, por \u00ebsht\u00eb ende e paqart\u00eb n\u00ebse b\u00ebhet fjal\u00eb p\u00ebr nj\u00eb aksion rutin\u00eb, apo policia ka patur informacion p\u00ebr ndonj\u00eb person specifik q\u00eb mund t\u00eb jet\u00eb n\u00eb k\u00ebrkim.<\/p>\n<p>Aksioni \u00ebsht\u00eb duke vijuar edhe n\u00eb k\u00ebto momente.<\/p>","protected":false},"excerpt":{"rendered":"<p>Policia e Elbasanit ka zhvilluar mbr\u00ebmjen e sotme nj\u00eb s\u00ebr\u00eb kontrollesh t\u00eb befasishme n\u00eb disa lokale t\u00eb qytetit dhe ambiente t\u00eb tjera, duke shoq\u00ebruar disa persona. M\u00ebsohet se aksioni \u00ebsht\u00eb zhvilluar n\u00eb ambiente ku mendohet se ushtrohet aktivitet i jasht\u00ebligjsh\u00ebm apo q\u00ebndrojn\u00eb persona me rrezikshm\u00ebri t\u00eb lart\u00eb dhe precedent\u00eb penal\u00eb. Deri n\u00eb k\u00ebto momente raportohet [&hellip;]<\/p>\n","protected":false},"author":2031,"featured_media":228329,"comment_status":"closed","ping_status":"closed","sticky":false,"template":"","format":"standard","meta":{"footnotes":""},"categories":[231],"tags":[],"class_list":{"0":"post-228328","1":"post","2":"type-post","3":"status-publish","4":"format-standard","5":"has-post-thumbnail","7":"category-lajme"},"_links":{"self":[{"href":"https:\/\/zjarr.tv\/en\/wp-json\/wp\/v2\/posts\/228328","targetHints":{"allow":["GET"]}}],"collection":[{"href":"https:\/\/zjarr.tv\/en\/wp-json\/wp\/v2\/posts"}],"about":[{"href":"https:\/\/zjarr.tv\/en\/wp-json\/wp\/v2\/types\/post"}],"author":[{"embeddable":true,"href":"https:\/\/zjarr.tv\/en\/wp-json\/wp\/v2\/users\/2031"}],"replies":[{"embeddable":true,"href":"https:\/\/zjarr.tv\/en\/wp-json\/wp\/v2\/comments?post=228328"}],"version-history":[{"count":0,"href":"https:\/\/zjarr.tv\/en\/wp-json\/wp\/v2\/posts\/228328\/revisions"}],"wp:featuredmedia":[{"embeddable":true,"href":"https:\/\/zjarr.tv\/en\/wp-json\/wp\/v2\/media\/228329"}],"wp:attachment":[{"href":"https:\/\/zjarr.tv\/en\/wp-json\/wp\/v2\/media?parent=228328"}],"wp:term":[{"taxonomy":"category","embeddable":true,"href":"https:\/\/zjarr.tv\/en\/wp-json\/wp\/v2\/categories?post=228328"},{"taxonomy":"post_tag","embeddable":true,"href":"https:\/\/zjarr.tv\/en\/wp-json\/wp\/v2\/tags?post=228328"}],"curies":[{"name":"wp","href":"https:\/\/api.w.org\/{rel}","templated":true}]}}