{"id":228332,"date":"2022-01-02T22:29:51","date_gmt":"2022-01-02T21:29:51","guid":{"rendered":"https:\/\/zjarr.tv\/?p=228332"},"modified":"2022-01-02T22:29:51","modified_gmt":"2022-01-02T21:29:51","slug":"ultimatumi-i-berishes-per-bashen-alibeaj-klithma-te-zbehta-te-nje-agonie-politike","status":"publish","type":"post","link":"https:\/\/zjarr.tv\/en\/ultimatumi-i-berishes-per-bashen-alibeaj-klithma-te-zbehta-te-nje-agonie-politike\/","title":{"rendered":"Ultimatumi i Berish\u00ebs p\u00ebr Bash\u00ebn, Alibeaj: Klithma t\u00eb zbehta t\u00eb nj\u00eb agonie politike"},"content":{"rendered":"<p>Deputeti i Partis\u00eb Demokratike Enkelejd Alibeaj, u shpreh se objektivi kryesor i PD \u00ebsht\u00eb p\u00ebrballja me regjimin e Edi Ram\u00ebs.<\/p>\n<p>P\u00ebrsa i p\u00ebrket dat\u00ebs 5 ku Komisoni i Rithemelimit i ka k\u00ebrkuar Lulzim Bash\u00ebs t\u00eb l\u00ebr\u00eb zyr\u00ebn dhe dat\u00ebs 8 kur do t\u00eb zhvillohet protesta, Alibeaj n\u00eb nj\u00eb intervist\u00eb p\u00ebr RTV, i ka konsideruar si klithma t\u00eb zbehta t\u00eb nj\u00eb agonie politike.<\/p>\n<p>Ai thot\u00eb se l\u00ebvizjes s\u00eb nd\u00ebrmarr\u00eb nga Sali Berisha i mungon moraliteti politik.<\/p>\n<p>\u201cE gjith\u00eb jo l\u00ebvizje e Berish\u00ebs i mungon nj\u00eb element thelb\u00ebsor, moraliteti politik. Ky vend nuk b\u00ebn zgjedhje t\u00eb rregullta, t\u00eb lira, t\u00eb ndershme. K\u00ebtu do duhet t\u00eb shohim se \u00e7far\u00eb situate kemi p\u00ebrball\u00eb. Un\u00eb besoj se demokrat\u00ebt pat\u00ebn aft\u00ebsin\u00eb e tyre dhe p\u00ebr t\u00eb qortuar p\u00ebr aq sasa e menduan n\u00eb zgjedhjet e 25 prillit, si\u00e7 edhe i dhan\u00eb besimin Lulzim Bash\u00ebs p\u00ebr at\u00eb rezultat p\u00ebr at\u00eb betej\u00eb dhe pik\u00ebrisht p\u00ebr at\u00eb lloj p\u00ebrthithje t\u00eb madhe simpatie q\u00eb b\u00ebri n\u00eb 650 mij\u00eb shqiptar\u00eb q\u00eb votuan n\u00eb kushte terrori elektoral\u201d, tha ai.<\/p>\n<p>Nd\u00ebr t\u00eb tjera ai tha se gjat\u00eb k\u00ebtyre tre muajve Berisha ka b\u00ebr\u00eb nj\u00eb luft\u00eb personale duke thyer dhe premtimet e b\u00ebra.<\/p>\n<p>\u201cD\u00ebmi m\u00eb i madh q\u00eb l\u00ebvizja e Berish\u00ebs ka b\u00ebr\u00eb n\u00eb k\u00ebto tre muaj, ka qen\u00eb nj\u00eb luft\u00eb personale, me nj\u00eb hall personal, n\u00eb thyerje t\u00eb premtimit q\u00eb b\u00ebri. Edhe k\u00ebrkesa e l\u00ebshuar p\u00ebr t\u00eb ardhur me dat\u00eb 5 apo me dat\u00eb 8 p\u00ebr t\u00eb kapur selin\u00eb \u00ebsht\u00eb nj\u00eb lloj mbivendosje duke keqp\u00ebrdorur gjendjen emocionale t\u00eb r\u00ebnd\u00eb t\u00eb demokrat\u00ebve, p\u00ebr at\u00eb se \u00e7far\u00eb ndodhi m\u00eb 25 Prill\u201d, u shpreh Alibeaj.<\/p>","protected":false},"excerpt":{"rendered":"<p>Deputeti i Partis\u00eb Demokratike Enkelejd Alibeaj, u shpreh se objektivi kryesor i PD \u00ebsht\u00eb p\u00ebrballja me regjimin e Edi Ram\u00ebs. P\u00ebrsa i p\u00ebrket dat\u00ebs 5 ku Komisoni i Rithemelimit i ka k\u00ebrkuar Lulzim Bash\u00ebs t\u00eb l\u00ebr\u00eb zyr\u00ebn dhe dat\u00ebs 8 kur do t\u00eb zhvillohet protesta, Alibeaj n\u00eb nj\u00eb intervist\u00eb p\u00ebr RTV, i ka konsideruar si [&hellip;]<\/p>\n","protected":false},"author":2031,"featured_media":166620,"comment_status":"closed","ping_status":"closed","sticky":false,"template":"","format":"standard","meta":{"footnotes":""},"categories":[231],"tags":[],"class_list":{"0":"post-228332","1":"post","2":"type-post","3":"status-publish","4":"format-standard","5":"has-post-thumbnail","7":"category-lajme"},"_links":{"self":[{"href":"https:\/\/zjarr.tv\/en\/wp-json\/wp\/v2\/posts\/228332","targetHints":{"allow":["GET"]}}],"collection":[{"href":"https:\/\/zjarr.tv\/en\/wp-json\/wp\/v2\/posts"}],"about":[{"href":"https:\/\/zjarr.tv\/en\/wp-json\/wp\/v2\/types\/post"}],"author":[{"embeddable":true,"href":"https:\/\/zjarr.tv\/en\/wp-json\/wp\/v2\/users\/2031"}],"replies":[{"embeddable":true,"href":"https:\/\/zjarr.tv\/en\/wp-json\/wp\/v2\/comments?post=228332"}],"version-history":[{"count":0,"href":"https:\/\/zjarr.tv\/en\/wp-json\/wp\/v2\/posts\/228332\/revisions"}],"wp:featuredmedia":[{"embeddable":true,"href":"https:\/\/zjarr.tv\/en\/wp-json\/wp\/v2\/media\/166620"}],"wp:attachment":[{"href":"https:\/\/zjarr.tv\/en\/wp-json\/wp\/v2\/media?parent=228332"}],"wp:term":[{"taxonomy":"category","embeddable":true,"href":"https:\/\/zjarr.tv\/en\/wp-json\/wp\/v2\/categories?post=228332"},{"taxonomy":"post_tag","embeddable":true,"href":"https:\/\/zjarr.tv\/en\/wp-json\/wp\/v2\/tags?post=228332"}],"curies":[{"name":"wp","href":"https:\/\/api.w.org\/{rel}","templated":true}]}}