{"id":228496,"date":"2022-01-03T18:42:31","date_gmt":"2022-01-03T17:42:31","guid":{"rendered":"https:\/\/zjarr.tv\/?p=228496"},"modified":"2022-01-03T18:42:31","modified_gmt":"2022-01-03T17:42:31","slug":"basha-dhe-berisha-jane-projekte-jofituese-per-vitin-2025-flet-edvin-kulluri-ja-pse-kandidova-per-kreun-e-selise-blu","status":"publish","type":"post","link":"https:\/\/zjarr.tv\/en\/basha-dhe-berisha-jane-projekte-jofituese-per-vitin-2025-flet-edvin-kulluri-ja-pse-kandidova-per-kreun-e-selise-blu\/","title":{"rendered":"\u201cBasha dhe Berisha jan\u00eb projekte jofituese p\u00ebr vitin 2025\u201d, flet Edvin Kulluri: Ja pse kandidova p\u00ebr kreun e Selis\u00eb blu"},"content":{"rendered":"<p>Kandidati p\u00ebr kreun e Partis\u00eb Demokratike, Edvin Kulluri ka qen\u00eb i ftuar n\u00eb nj\u00eb intervist\u00eb p\u00ebr Fax News, ku ka folur p\u00ebr situat\u00ebn e v\u00ebshtir\u00eb ku po kalon PD sot p\u00ebrshkak t\u00eb p\u00ebrplasjes Basha-Berisha. Kulluri thot\u00eb se rikthimi n\u00eb vitin 2013, apo vazhdimi me nj\u00eb \u2018d\u00ebshtak serial\u2019 si Lulzim Basha, jan\u00eb t\u00eb dyja projekte jofituese p\u00ebr vitin 2025, duke k\u00ebrkuar n\u00eb k\u00ebt\u00eb m\u00ebnyr\u00eb largimin edhe t\u00eb Lulzim Bash\u00ebs por edhe t\u00eb ish-Kryeministrit Berisha.<\/p>\n<p>Nd\u00ebr t\u00eb tjera, Edvin Kulluri u shpreh se ai shpalli kandidatur\u00ebn p\u00ebr kreun e Partis\u00eb Demokratike p\u00ebr t\u2019i dh\u00ebn\u00eb seriozitet p\u00ebrpjekjes s\u00eb tij 5-vje\u00e7are p\u00ebr demokratizimin e PD-s\u00eb.<\/p>\n<p>Edvin Kulluri: N\u00eb vitin 2005 nuk e gjeta veten n\u00eb pushtet brenda nat\u00ebs. Kisha vite q\u00eb shkruaja. Ato vite kan\u00eb qen\u00eb t\u00eb mira. Jan\u00eb b\u00ebr\u00eb reforma t\u00eb r\u00ebnd\u00ebsishme, shum\u00eb t\u00eb m\u00ebdha. Fatkeq\u00ebsisht me ardhjen e z.Basha jan\u00eb konsideruar si rraqe q\u00eb duhet t\u00eb hidhen tutje. K\u00ebtu ka qen\u00eb nj\u00eb nga momentet kur un\u00eb jam ndar\u00eb p\u00ebrfundimisht me z.Basha, p\u00ebr m\u00ebnyr\u00ebn si ka folur pa respekt p\u00ebr PD-n\u00eb. Ka qen\u00eb fyese p\u00ebr mundin e djers\u00ebs. N\u00ebse ai nuk ka respekt per vitet kur ai u formua si politikan, \u00ebsht\u00eb pun\u00eb e tij. N\u00ebse zoti Berisha e kaloi me heshtje k\u00ebt\u00eb fyerje q\u00eb i ka b\u00ebr\u00eb Lulzim Basha historis\u00eb s\u00eb PD-s\u00eb, un\u00eb nuk jam t\u00ebrhequr n\u00eb asnj\u00eb moment nga mbrojtja e asaj periudhe. Duhet t\u00eb pranojm\u00eb q\u00eb n\u00eb ato vite pati korrupsion. Ja kam th\u00ebn\u00eb n\u00eb vitin 2016 zoti Basha kok\u00eb m\u00eb kok\u00eb q\u00eb nuk kemi rrug\u00eb tjet\u00ebr dhe nuk m\u00eb d\u00ebgjoi. Z.Berisha e ka lexuar fjalimin tim n\u00eb vitin 2018 por nuk e mb\u00ebshteti. T\u00eb jesh i djatht\u00eb do t\u00eb thot\u00eb i pari t\u00eb kesh respekt p\u00ebr tradit\u00ebn.<\/p>\n<p>T\u00eb jesh dyshues ndaj t\u00eb resh, jo \u00e7do gj\u00eb e re \u00ebsht\u00eb e mir\u00eb. N\u00eb t\u00eb gjith\u00eb k\u00ebt\u00eb pa\u00e7ahur\u00eb politike, z.Berisha dhe shum\u00eb t\u00eb tjer\u00eb n\u00eb Foltore kan\u00eb heshtur. N\u00ebse do t\u00eb b\u00ebsh politik\u00eb duhet t\u00eb besosh n\u00eb \u00e7do \u00e7mim te idet\u00eb dhe parimet e tua. Nuk m\u00eb rezulton t\u00eb ket\u00eb ndodhur me ata q\u00eb sot k\u00ebrkojn\u00eb me t\u00eb drejt\u00eb largimin e Bash\u00ebs. T\u00eb ishte p\u00ebr mua, z.Basha do t\u00eb kishte fluturuar nga karrigia e PD-s\u00eb n\u00eb vitn 2017. PD nuk mund t\u00eb vazhdoj\u00eb t\u00eb jet\u00eb aren\u00eb xhoglerash. Idet\u00eb nuk jan\u00eb topa q\u00eb hidhen n\u00eb aj\u00ebr. Kandidatura q\u00eb kam shpallur merr vet\u00ebm nj\u00eb kuptim, p\u00ebr t\u2019i dh\u00ebn\u00eb seriozitet k\u00ebsaj perpjekje 5-vje\u00e7are p\u00ebr t\u00eb demokratizuar partin\u00eb dhe p\u00ebr ta futur n\u00eb\u00a0 shina t\u00eb qarta ideologjike. Rikthimi te humbja e 2013-t\u00ebs apo vazhdimi me nj\u00eb d\u00ebshtak serial si Lulzim Basha jan\u00eb projekte jo fituese p\u00ebr vitin 2025. K\u00ebt\u00eb do ta thoja dhe n\u00ebse nuk do kandidoja vet\u00eb.<\/p>","protected":false},"excerpt":{"rendered":"<p>Kandidati p\u00ebr kreun e Partis\u00eb Demokratike, Edvin Kulluri ka qen\u00eb i ftuar n\u00eb nj\u00eb intervist\u00eb p\u00ebr Fax News, ku ka folur p\u00ebr situat\u00ebn e v\u00ebshtir\u00eb ku po kalon PD sot p\u00ebrshkak t\u00eb p\u00ebrplasjes Basha-Berisha. Kulluri thot\u00eb se rikthimi n\u00eb vitin 2013, apo vazhdimi me nj\u00eb \u2018d\u00ebshtak serial\u2019 si Lulzim Basha, jan\u00eb t\u00eb dyja projekte jofituese [&hellip;]<\/p>\n","protected":false},"author":2030,"featured_media":228497,"comment_status":"closed","ping_status":"closed","sticky":false,"template":"","format":"standard","meta":{"footnotes":""},"categories":[241,3366,5380,1454],"tags":[],"class_list":{"0":"post-228496","1":"post","2":"type-post","3":"status-publish","4":"format-standard","5":"has-post-thumbnail","7":"category-aktualitet","8":"category-koment","9":"category-kryesore","10":"category-politike"},"_links":{"self":[{"href":"https:\/\/zjarr.tv\/en\/wp-json\/wp\/v2\/posts\/228496","targetHints":{"allow":["GET"]}}],"collection":[{"href":"https:\/\/zjarr.tv\/en\/wp-json\/wp\/v2\/posts"}],"about":[{"href":"https:\/\/zjarr.tv\/en\/wp-json\/wp\/v2\/types\/post"}],"author":[{"embeddable":true,"href":"https:\/\/zjarr.tv\/en\/wp-json\/wp\/v2\/users\/2030"}],"replies":[{"embeddable":true,"href":"https:\/\/zjarr.tv\/en\/wp-json\/wp\/v2\/comments?post=228496"}],"version-history":[{"count":0,"href":"https:\/\/zjarr.tv\/en\/wp-json\/wp\/v2\/posts\/228496\/revisions"}],"wp:featuredmedia":[{"embeddable":true,"href":"https:\/\/zjarr.tv\/en\/wp-json\/wp\/v2\/media\/228497"}],"wp:attachment":[{"href":"https:\/\/zjarr.tv\/en\/wp-json\/wp\/v2\/media?parent=228496"}],"wp:term":[{"taxonomy":"category","embeddable":true,"href":"https:\/\/zjarr.tv\/en\/wp-json\/wp\/v2\/categories?post=228496"},{"taxonomy":"post_tag","embeddable":true,"href":"https:\/\/zjarr.tv\/en\/wp-json\/wp\/v2\/tags?post=228496"}],"curies":[{"name":"wp","href":"https:\/\/api.w.org\/{rel}","templated":true}]}}