{"id":228521,"date":"2022-01-04T08:57:50","date_gmt":"2022-01-04T07:57:50","guid":{"rendered":"https:\/\/zjarr.tv\/?p=228521"},"modified":"2022-01-04T08:58:18","modified_gmt":"2022-01-04T07:58:18","slug":"hyjne-ne-fuqi-masat-e-reja-nga-sot-administrata-dhe-punonjesit-e-marketeve-duhet-te-paraqesin-certifikate-ose-tampon-negative","status":"publish","type":"post","link":"https:\/\/zjarr.tv\/en\/hyjne-ne-fuqi-masat-e-reja-nga-sot-administrata-dhe-punonjesit-e-marketeve-duhet-te-paraqesin-certifikate-ose-tampon-negative\/","title":{"rendered":"Nga sot administrata dhe punonj\u00ebsit e marketeve duhet t\u00eb paraqesin certifikat\u00eb ose tampon negative"},"content":{"rendered":"<p>Nga sot t\u00eb gjith\u00eb punonj\u00ebsit e administrat\u00ebs publike, punonj\u00ebsit e supermarketeve dhe ata t\u00eb qendrave tregtare duhet t\u00eb paraqesin certifikat\u00ebn e vaksinimit n\u00eb vendet e tyre t\u00eb pun\u00ebs, ose n\u00ebse nuk e kan\u00eb duhet t\u00eb dor\u00ebzojn\u00eb tampon negativ \u00e7do jav\u00eb.<\/p>\n<p>Ky \u00ebsht\u00eb urdhri i Ministris\u00eb s\u00eb Sh\u00ebndet\u00ebsis\u00eb i vendosur nj\u00eb muaj m\u00eb par\u00eb.<\/p>\n<p>Vaksinimi i detyruesh\u00ebm vjen si pasoj\u00eb e ngadal\u00ebsimit t\u00eb ritmit t\u00eb vaksinimit por edhe p\u00ebr shkak t\u00eb varianteve t\u00eb reja q\u00eb jan\u00eb n\u00eb qarkullim dhe q\u00eb mund t\u00eb p\u00ebrkeq\u00ebsojn\u00eb situat\u00ebn e pandemis\u00eb. <\/p>\n<p>P\u00ebr ata q\u00eb nuk e kan\u00eb b\u00ebr\u00eb vaksin\u00ebn por e kan\u00eb kaluar s\u00ebmundjen, e vlefshme mund t\u00eb jet\u00eb dhe certifikata e sh\u00ebrimit q\u00eb l\u00ebshohet nga autoritetet sh\u00ebndet\u00ebsore.<\/p>","protected":false},"excerpt":{"rendered":"<p>Nga sot t\u00eb gjith\u00eb punonj\u00ebsit e administrat\u00ebs publike, punonj\u00ebsit e supermarketeve dhe ata t\u00eb qendrave tregtare duhet t\u00eb paraqesin certifikat\u00ebn e vaksinimit n\u00eb vendet e tyre t\u00eb pun\u00ebs, ose n\u00ebse nuk e kan\u00eb duhet t\u00eb dor\u00ebzojn\u00eb tampon negativ \u00e7do jav\u00eb. Ky \u00ebsht\u00eb urdhri i Ministris\u00eb s\u00eb Sh\u00ebndet\u00ebsis\u00eb i vendosur nj\u00eb muaj m\u00eb par\u00eb. Vaksinimi i [&hellip;]<\/p>\n","protected":false},"author":2031,"featured_media":228522,"comment_status":"closed","ping_status":"closed","sticky":false,"template":"","format":"standard","meta":{"footnotes":""},"categories":[231],"tags":[],"class_list":{"0":"post-228521","1":"post","2":"type-post","3":"status-publish","4":"format-standard","5":"has-post-thumbnail","7":"category-lajme"},"_links":{"self":[{"href":"https:\/\/zjarr.tv\/en\/wp-json\/wp\/v2\/posts\/228521","targetHints":{"allow":["GET"]}}],"collection":[{"href":"https:\/\/zjarr.tv\/en\/wp-json\/wp\/v2\/posts"}],"about":[{"href":"https:\/\/zjarr.tv\/en\/wp-json\/wp\/v2\/types\/post"}],"author":[{"embeddable":true,"href":"https:\/\/zjarr.tv\/en\/wp-json\/wp\/v2\/users\/2031"}],"replies":[{"embeddable":true,"href":"https:\/\/zjarr.tv\/en\/wp-json\/wp\/v2\/comments?post=228521"}],"version-history":[{"count":0,"href":"https:\/\/zjarr.tv\/en\/wp-json\/wp\/v2\/posts\/228521\/revisions"}],"wp:featuredmedia":[{"embeddable":true,"href":"https:\/\/zjarr.tv\/en\/wp-json\/wp\/v2\/media\/228522"}],"wp:attachment":[{"href":"https:\/\/zjarr.tv\/en\/wp-json\/wp\/v2\/media?parent=228521"}],"wp:term":[{"taxonomy":"category","embeddable":true,"href":"https:\/\/zjarr.tv\/en\/wp-json\/wp\/v2\/categories?post=228521"},{"taxonomy":"post_tag","embeddable":true,"href":"https:\/\/zjarr.tv\/en\/wp-json\/wp\/v2\/tags?post=228521"}],"curies":[{"name":"wp","href":"https:\/\/api.w.org\/{rel}","templated":true}]}}