{"id":228535,"date":"2022-01-04T11:35:53","date_gmt":"2022-01-04T10:35:53","guid":{"rendered":"https:\/\/zjarr.tv\/?p=228535"},"modified":"2022-01-04T11:35:53","modified_gmt":"2022-01-04T10:35:53","slug":"neser-fillon-shkolla-ministrja-kushi-mesazh-nxenesve-shpresoj-te-keni-kaluar-pushime-te-gezuara-beni-kujdes-me-masat-e-pandemise","status":"publish","type":"post","link":"https:\/\/zjarr.tv\/en\/neser-fillon-shkolla-ministrja-kushi-mesazh-nxenesve-shpresoj-te-keni-kaluar-pushime-te-gezuara-beni-kujdes-me-masat-e-pandemise\/","title":{"rendered":"Nes\u00ebr fillon shkolla, ministrja Kushi mesazh nx\u00ebn\u00ebsve: Shpresoj t\u00eb keni kaluar pushime t\u00eb g\u00ebzuara, b\u00ebni kujdes me masat e pandemis\u00eb"},"content":{"rendered":"<p>Ministrja e Arsimit Evis Kushi, uron nx\u00ebn\u00ebsit p\u00ebr fillimin e Vitit t\u00eb Ri, duke qen\u00eb se nes\u00ebr \u00ebsht\u00eb dita e par\u00eb e shkoll\u00ebs. \u201cShpresoj t\u00eb keni mbledhur plot energji q\u00eb nes\u00ebr t\u2019u riktheheni shkollave plot d\u00ebshir\u00eb e pasion p\u00ebr t\u00eb m\u00ebsuar m\u00eb shum\u00eb\u201d, shkruan ministrja nd\u00ebr t\u00eb tjera.<\/p>\n<p>Kushi k\u00ebrkon nga nx\u00ebn\u00ebsit q\u00eb t\u00eb tregojn\u00eb kujdes t\u00eb shtuar p\u00ebr higjien\u00ebn dhe t\u00eb gjitha masat kund\u00ebr pandemis\u00eb.<\/p>\n<p>Mesazhi i ministres Evis Kushi<\/p>\n<p> T\u00eb dashur nx\u00ebn\u00ebs, Shpresoj t\u00eb keni kaluar festa e pushime t\u00eb g\u00ebzuara, e t\u00eb keni mbledhur plot energji q\u00eb nes\u00ebr t\u2019u riktheheni shkollave plot d\u00ebshir\u00eb e pasion p\u00ebr t\u00eb m\u00ebsuar m\u00eb shum\u00eb. Rikthimi n\u00eb shkoll\u00eb ju b\u00ebn bashk\u00eb me shoqet, shok\u00ebt, m\u00ebsuesit, t\u00eb kaloni \u00e7aste t\u00eb bukura por edhe t\u00eb mb\u00ebshtesni m\u00eb shum\u00eb nj\u00ebri-tjetrin.<\/p>\n<p>Nd\u00ebrkoh\u00eb dua t\u2019ju kujtoj edhe nj\u00eb her\u00eb q\u00eb t\u00eb kemi kujdes t\u00eb shtuar p\u00ebr higjien\u00ebn dhe t\u00eb gjitha masat kund\u00ebr pandemis\u00eb. Shkollat e hapura dhe m\u00ebsimi n\u00eb prezenc\u00eb fizike k\u00ebrkon v\u00ebmendjen dhe p\u00ebrgjegj\u00ebsin\u00eb e t\u00eb gjith\u00ebve bashk\u00eb. Ju uroj shum\u00eb suksese dhe vit t\u00eb mbar\u00eb!<\/p>","protected":false},"excerpt":{"rendered":"<p>Ministrja e Arsimit Evis Kushi, uron nx\u00ebn\u00ebsit p\u00ebr fillimin e Vitit t\u00eb Ri, duke qen\u00eb se nes\u00ebr \u00ebsht\u00eb dita e par\u00eb e shkoll\u00ebs. \u201cShpresoj t\u00eb keni mbledhur plot energji q\u00eb nes\u00ebr t\u2019u riktheheni shkollave plot d\u00ebshir\u00eb e pasion p\u00ebr t\u00eb m\u00ebsuar m\u00eb shum\u00eb\u201d, shkruan ministrja nd\u00ebr t\u00eb tjera. Kushi k\u00ebrkon nga nx\u00ebn\u00ebsit q\u00eb t\u00eb tregojn\u00eb [&hellip;]<\/p>\n","protected":false},"author":2031,"featured_media":188104,"comment_status":"closed","ping_status":"closed","sticky":false,"template":"","format":"standard","meta":{"footnotes":""},"categories":[241,231,235],"tags":[],"class_list":{"0":"post-228535","1":"post","2":"type-post","3":"status-publish","4":"format-standard","5":"has-post-thumbnail","7":"category-aktualitet","8":"category-lajme","9":"category-vendi"},"_links":{"self":[{"href":"https:\/\/zjarr.tv\/en\/wp-json\/wp\/v2\/posts\/228535","targetHints":{"allow":["GET"]}}],"collection":[{"href":"https:\/\/zjarr.tv\/en\/wp-json\/wp\/v2\/posts"}],"about":[{"href":"https:\/\/zjarr.tv\/en\/wp-json\/wp\/v2\/types\/post"}],"author":[{"embeddable":true,"href":"https:\/\/zjarr.tv\/en\/wp-json\/wp\/v2\/users\/2031"}],"replies":[{"embeddable":true,"href":"https:\/\/zjarr.tv\/en\/wp-json\/wp\/v2\/comments?post=228535"}],"version-history":[{"count":0,"href":"https:\/\/zjarr.tv\/en\/wp-json\/wp\/v2\/posts\/228535\/revisions"}],"wp:featuredmedia":[{"embeddable":true,"href":"https:\/\/zjarr.tv\/en\/wp-json\/wp\/v2\/media\/188104"}],"wp:attachment":[{"href":"https:\/\/zjarr.tv\/en\/wp-json\/wp\/v2\/media?parent=228535"}],"wp:term":[{"taxonomy":"category","embeddable":true,"href":"https:\/\/zjarr.tv\/en\/wp-json\/wp\/v2\/categories?post=228535"},{"taxonomy":"post_tag","embeddable":true,"href":"https:\/\/zjarr.tv\/en\/wp-json\/wp\/v2\/tags?post=228535"}],"curies":[{"name":"wp","href":"https:\/\/api.w.org\/{rel}","templated":true}]}}