{"id":228549,"date":"2022-01-04T12:11:13","date_gmt":"2022-01-04T11:11:13","guid":{"rendered":"https:\/\/zjarr.tv\/?p=228549"},"modified":"2022-01-04T12:11:13","modified_gmt":"2022-01-04T11:11:13","slug":"saimir-korreshi-falenderim-e-mirenjohje-per-te-gjithe-ata-qe-moren-guximin-te-drejtonin-protesten-e-pare-kunder-diktatures-ne-lushnje","status":"publish","type":"post","link":"https:\/\/zjarr.tv\/en\/saimir-korreshi-falenderim-e-mirenjohje-per-te-gjithe-ata-qe-moren-guximin-te-drejtonin-protesten-e-pare-kunder-diktatures-ne-lushnje\/","title":{"rendered":"Saimir Korreshi :Falenderim e mir\u00ebnjohje p\u00ebr t\u00eb gjith\u00eb ata q\u00eb mor\u00ebn guximin t\u00eb drejtonin protest\u00ebn e par\u00eb kund\u00ebr diktatur\u00ebs n\u00eb Lushnje&#8230;."},"content":{"rendered":"<p>Nga Saimir Korreshi<\/p>\n<p>Si sot 31 vite me pare ne 4 Janar 1991, ne Lushnje  organizohet protesta e pare kundra sistemit komunist e diktatorial te instaluar ne Shqiperi! <\/p>\n<p>Nen drejtimin e disa intelektualeve te cilet me pas pervijuan e themeluan, drejtuan PD, te rinj, qytetare, banore te fshatrave si dhe te internuar e perndjekur nga 11 qendrat e internimit e kampet e punes te Lushnjes guxuan te kerkonin Liri &#8211; Demokraci, nje thirrje qe u be simbol i \u00e7do proteste! <\/p>\n<p>Mijera qytetare mbushen sheshin perpara godines se  postes, thyen friken e arriten te realizonin endrren e tyre per rrezimin real te nje nga sistemet me te egra te diktaturave si ai ne Shqiperi! <\/p>\n<p>Policia dhe trupat speciale sulmuan me shkopinj gome qytetaret ne shesh por kjo nuk i trembi aspak, perkundrazi i nxiti ata per ti shkuar deri ne fund kauzes! <\/p>\n<p>Qytetare te Lushnjes! Gezuar pervjetorin e 31 &#8211; te te shprehjes se fjales se lire dhe rrezimit te diktatures! Shqiperia dhe Shqiptaret jane nje popull qe e duan demokracine dhe lirine e tyre ne te gjitha aspektet e jetes!  <\/p>\n<p>Falenderim e mirenjohje per te gjithe ata qe moren guximin te drejtonin protesten e pare kunder diktatures ne Lushnje.<\/p>\n<p>Perulje per te gjithe drejtuesit nder vite te Partise Demokratike ne Lushnje, kryetaret e Partise Demokratike nder vite, Deputete e Kryetar Bashkie te zgjedhur nen siglen e Partise Demokratike, per te gjithe demokratet qe nuk rreshten ti bejne balle se keqes qe per\u00e7onte komunizmi. <\/p>\n<p>Nderim dhe perulje per te gjithe drejtuesit e Partise Demokratike Dega Lushnje, Kryetare Grupseksionesh, kryetare Seksionesh, anetare Kryesie, Komisionere e Vezhgues te cilet kane bere nje fushate te paimagjinueshme ku kane dhene \u00e7do gje qe Partia Demokratike sot te drejtonte Shqiperine. <\/p>\n<p>Te dashur an\u00ebtar\u00eb te Partis\u00eb Demokratike, bashk\u00ebqytetar\u00eb dhe dashamir\u00ebs. <\/p>\n<p>Ju fal\u00ebnderoj thell\u00ebsisht nga zemra me mir\u00ebnjohje dhe respekt t\u00eb thell\u00eb p\u00ebr besimin e treguar ndaj PD-s\u00eb. <\/p>\n<p>U fut\u00ebm n\u00eb nj\u00eb gar\u00eb t\u00eb pabarabart\u00eb dhe sfiduam nj\u00eb kund\u00ebrshtar q\u00eb pas vetes kishte makinerin\u00eb shtet\u00ebrore dhe gjitha strukturat e saj!  <\/p>\n<p>Fal\u00ebnderim dhe mir\u00ebnjohje edhe p\u00ebr ata q\u00eb n\u00eb kushtet e v\u00ebshtira q\u00eb ndodhen ekonomikisht nuk u tunduan dhe nuk i vun\u00eb vetes asnj\u00eb cmim q\u00eb do ti p\u00ebrndiqte n\u00eb jet\u00ebn e tyre n\u00eb periudh\u00ebn n\u00eb vazhdim si nj\u00eb makth p\u00ebr lirin\u00eb e cunguar dhe treguan aft\u00ebsin\u00eb p\u00ebr t\u00eb q\u00ebn\u00eb t\u00eb lir\u00eb dhe pa presion t\u00eb cdo lloj forme n\u00eb zgjedhjen e tyre! <\/p>\n<p>Faleminderit p\u00ebr p\u00ebrkushtimin dhe Angazhimin e gjithkujt q\u00eb ju bashkua alternativ\u00ebs son\u00eb dhe na mb\u00ebshteti n\u00eb cdo form\u00eb p\u00ebr t\u00eb p\u00ebrmbushur me sukses misionin ton\u00eb!  <\/p>\n<p>Gezuar 31 vjetorin e lirise se mendimit dhe themelimit te Partise Demokratike Dega Lushnje!<\/p>","protected":false},"excerpt":{"rendered":"<p>Nga Saimir Korreshi Si sot 31 vite me pare ne 4 Janar 1991, ne Lushnje organizohet protesta e pare kundra sistemit komunist e diktatorial te instaluar ne Shqiperi! Nen drejtimin e disa intelektualeve te cilet me pas pervijuan e themeluan, drejtuan PD, te rinj, qytetare, banore te fshatrave si dhe te internuar e perndjekur nga [&hellip;]<\/p>\n","protected":false},"author":2031,"featured_media":228550,"comment_status":"closed","ping_status":"closed","sticky":false,"template":"","format":"standard","meta":{"footnotes":""},"categories":[231],"tags":[],"class_list":{"0":"post-228549","1":"post","2":"type-post","3":"status-publish","4":"format-standard","5":"has-post-thumbnail","7":"category-lajme"},"_links":{"self":[{"href":"https:\/\/zjarr.tv\/en\/wp-json\/wp\/v2\/posts\/228549","targetHints":{"allow":["GET"]}}],"collection":[{"href":"https:\/\/zjarr.tv\/en\/wp-json\/wp\/v2\/posts"}],"about":[{"href":"https:\/\/zjarr.tv\/en\/wp-json\/wp\/v2\/types\/post"}],"author":[{"embeddable":true,"href":"https:\/\/zjarr.tv\/en\/wp-json\/wp\/v2\/users\/2031"}],"replies":[{"embeddable":true,"href":"https:\/\/zjarr.tv\/en\/wp-json\/wp\/v2\/comments?post=228549"}],"version-history":[{"count":0,"href":"https:\/\/zjarr.tv\/en\/wp-json\/wp\/v2\/posts\/228549\/revisions"}],"wp:featuredmedia":[{"embeddable":true,"href":"https:\/\/zjarr.tv\/en\/wp-json\/wp\/v2\/media\/228550"}],"wp:attachment":[{"href":"https:\/\/zjarr.tv\/en\/wp-json\/wp\/v2\/media?parent=228549"}],"wp:term":[{"taxonomy":"category","embeddable":true,"href":"https:\/\/zjarr.tv\/en\/wp-json\/wp\/v2\/categories?post=228549"},{"taxonomy":"post_tag","embeddable":true,"href":"https:\/\/zjarr.tv\/en\/wp-json\/wp\/v2\/tags?post=228549"}],"curies":[{"name":"wp","href":"https:\/\/api.w.org\/{rel}","templated":true}]}}