{"id":228695,"date":"2022-01-05T11:21:19","date_gmt":"2022-01-05T10:21:19","guid":{"rendered":"https:\/\/zjarr.tv\/?p=228695"},"modified":"2022-01-05T11:21:19","modified_gmt":"2022-01-05T10:21:19","slug":"nis-puna-per-2022-shin-rama-mbledh-ministrat-e-qeverise-ne-nje-lokal-ne-ish-bllok","status":"publish","type":"post","link":"https:\/\/zjarr.tv\/en\/nis-puna-per-2022-shin-rama-mbledh-ministrat-e-qeverise-ne-nje-lokal-ne-ish-bllok\/","title":{"rendered":"Nis \u2018puna\u2019 p\u00ebr 2022-shin! Rama mbledh ministrat e qeveris\u00eb n\u00eb nj\u00eb lokal n\u00eb ish-Bllok"},"content":{"rendered":"<p>Kryeministri Edi Rama ka mbledhur sot qeverin\u00eb, n\u00eb nj\u00eb lokal n\u00eb zon\u00ebn e ish-Bllokut, ku pritet q\u00eb t\u00eb vendos\u00eb dhe objektivat p\u00ebr vitin q\u00eb sapo ka nisur.<\/p>\n<p>Ky \u00ebsht\u00eb takimi i par\u00eb i qeveris\u00eb, q\u00eb p\u00ebrkon dhe me rikthimin n\u00eb pun\u00eb t\u00eb punonj\u00ebsve t\u00eb administrat\u00ebs.<\/p>\n<p>Kujtojm\u00eb se jav\u00ebn e fundit t\u00eb dhjetorit, kryeministri Edi Rama mblodhi kabinetin qeveritar p\u00ebr bilancin 100 ditor.<\/p>\n<p>Asnj\u00eb detaj nuk u b\u00eb i ditur p\u00ebr mediat nga ajo mbledhje.<\/p>\n<p>PS \u00ebsht\u00eb n\u00eb mandatin e saj t\u00eb tret\u00eb qeveris\u00ebs, me nj\u00eb situat\u00eb t\u00eb favorshme n\u00eb kampin kund\u00ebrshtar, ku Berisha dhe Basha kan\u00eb ndar\u00eb PD n\u00eb dy fraksione, dhe ku ka p\u00ebrplasje t\u00eb vazhdueshme p\u00ebr postin e kryetarit legjitim.<\/p>","protected":false},"excerpt":{"rendered":"<p>Kryeministri Edi Rama ka mbledhur sot qeverin\u00eb, n\u00eb nj\u00eb lokal n\u00eb zon\u00ebn e ish-Bllokut, ku pritet q\u00eb t\u00eb vendos\u00eb dhe objektivat p\u00ebr vitin q\u00eb sapo ka nisur. Ky \u00ebsht\u00eb takimi i par\u00eb i qeveris\u00eb, q\u00eb p\u00ebrkon dhe me rikthimin n\u00eb pun\u00eb t\u00eb punonj\u00ebsve t\u00eb administrat\u00ebs. Kujtojm\u00eb se jav\u00ebn e fundit t\u00eb dhjetorit, kryeministri Edi Rama [&hellip;]<\/p>\n","protected":false},"author":2031,"featured_media":205747,"comment_status":"closed","ping_status":"closed","sticky":false,"template":"","format":"standard","meta":{"footnotes":""},"categories":[231],"tags":[],"class_list":{"0":"post-228695","1":"post","2":"type-post","3":"status-publish","4":"format-standard","5":"has-post-thumbnail","7":"category-lajme"},"_links":{"self":[{"href":"https:\/\/zjarr.tv\/en\/wp-json\/wp\/v2\/posts\/228695","targetHints":{"allow":["GET"]}}],"collection":[{"href":"https:\/\/zjarr.tv\/en\/wp-json\/wp\/v2\/posts"}],"about":[{"href":"https:\/\/zjarr.tv\/en\/wp-json\/wp\/v2\/types\/post"}],"author":[{"embeddable":true,"href":"https:\/\/zjarr.tv\/en\/wp-json\/wp\/v2\/users\/2031"}],"replies":[{"embeddable":true,"href":"https:\/\/zjarr.tv\/en\/wp-json\/wp\/v2\/comments?post=228695"}],"version-history":[{"count":0,"href":"https:\/\/zjarr.tv\/en\/wp-json\/wp\/v2\/posts\/228695\/revisions"}],"wp:featuredmedia":[{"embeddable":true,"href":"https:\/\/zjarr.tv\/en\/wp-json\/wp\/v2\/media\/205747"}],"wp:attachment":[{"href":"https:\/\/zjarr.tv\/en\/wp-json\/wp\/v2\/media?parent=228695"}],"wp:term":[{"taxonomy":"category","embeddable":true,"href":"https:\/\/zjarr.tv\/en\/wp-json\/wp\/v2\/categories?post=228695"},{"taxonomy":"post_tag","embeddable":true,"href":"https:\/\/zjarr.tv\/en\/wp-json\/wp\/v2\/tags?post=228695"}],"curies":[{"name":"wp","href":"https:\/\/api.w.org\/{rel}","templated":true}]}}