{"id":228713,"date":"2022-01-05T13:12:08","date_gmt":"2022-01-05T12:12:08","guid":{"rendered":"https:\/\/zjarr.tv\/?p=228713"},"modified":"2022-01-05T13:12:08","modified_gmt":"2022-01-05T12:12:08","slug":"po-silleni-si-skllavopronare-ish-ministri-socialist-shuplake-qeverise","status":"publish","type":"post","link":"https:\/\/zjarr.tv\/en\/po-silleni-si-skllavopronare-ish-ministri-socialist-shuplake-qeverise\/","title":{"rendered":"\u201cPo silleni si skllavopronar\u00eb\u201d\/ Ish-ministri socialist \u201cshuplak\u00eb\u201d Qeveris\u00eb"},"content":{"rendered":"<p>Ish-ministri i Financave n\u00eb qeverisjen e socialist\u00eb, Arben Malaj i ka dh\u00ebn\u00eb nj\u00eb \u201cshuplak\u00eb\u201d t\u00eb fort\u00eb Qeveris\u00eb. N\u00eb nj\u00eb postim n\u00eb rrjetet sociale, Malaj shkruan se disa abuzues me pozicionet dominuese dhe fuqin\u00eb korruptive n\u00eb biznes me politikan\u00eb t\u00eb kapur prej tyre po sillen n\u00eb disa raste si skllavopronare t\u00eb shekullit 21.<\/p>\n<p>Sipas tij kjo ndodh sidomos p\u00ebr shkak t\u00eb munges\u00ebs s\u00eb integritetit t\u00eb drejtuesve te institucioneve dhe autoriteteve licencuese, rregullatore e mbikqyrese dhe t\u00eb institucioneve dhe drejtorive qeveritare q\u00eb paguhen p\u00ebr t\u00eb mbrojtur konsumator\u00ebt final\u00eb\/taksapaguesit nga pasojat negative t\u00eb munges\u00ebs s\u00eb konkurenc\u00ebs edhe per shkak te korrupsionit t\u00eb zyrtar\u00ebve t\u00eb lart\u00eb.<\/p>\n<p>\u201cKjo \u00ebsht\u00eb pasqyr\u00eb e nj\u00eb tregu t\u00eb prishur nga mungesa e konkurrenc\u00ebs. E kam th\u00ebn\u00eb m\u00eb par\u00eb dhe po e them s\u00ebrish : kapitalizmi pa konkurrenc\u00eb nuk \u00ebsht\u00eb kapitaliz\u00ebm. \u00cbsht\u00eb shfryt\u00ebzim. \u201c. Kjo deklarat\u00eb e presidentit amerikan p\u00ebr pasojat negative t\u00eb munges\u00ebs s\u00eb konkurrenc\u00ebs duhet t\u00eb jet\u00eb nj\u00eb kamban\u00eb ndergjegjesimi dhe pergjegjesie p\u00ebr politik\u00ebb\u00ebr\u00ebsit dhe institucionet p\u00ebrgjegj\u00ebse p\u00ebr t\u00eb mbrojtur konsumatoret final nga kostot e renda jo vetem financiare.<\/p>\n<p>Disa qindra milion\u00eb dollare, euro, grante dhe kredi jan\u00eb dh\u00ebn\u00eb nga donator\u00eb dhe disa miliard\u00eb lek\u00eb jan\u00eb p\u00ebrdorur nga taksat shqiptare q\u00eb ekonomia e tregut t\u00eb lir\u00eb t\u00eb jet\u00eb e ndershme \u2013 n\u00eb p\u00ebrfitimet q\u00eb krijon dhe shp\u00ebrndan.<\/p>\n<p>Shqiptar\u00ebt paguajn\u00eb nj\u00eb \u00e7mim shum\u00eb t\u00eb r\u00ebnd\u00eb p\u00ebr munges\u00ebn e konkurrenc\u00ebs n\u00eb tregjet e mallrave, sh\u00ebrbimeve, shpenzimeve dhe dhe investimit t\u00eb taksave n\u00eb projekte t\u00eb pastudiuara dhe pa konkurrenc\u00eb. Disa abuzues me pozicionet dominuese dhe fuqin\u00eb korruptive n\u00eb biznes me politikan\u00eb t\u00eb kapur prej tyre po sillen n\u00eb disa raste si skllavopronare t\u00eb shek 21.<\/p>\n<p>Kjo ndodh p\u00ebr shume arsye por sidomos p\u00ebr shkak t\u00eb munges\u00ebs s\u00eb integritetit t\u00eb drejtuesve te institucioneve dhe autoriteteve licencuese, rregullatore e mbikqyrese dhe t\u00eb institucioneve dhe drejtorive qeveritare q\u00eb paguhen p\u00ebr t\u00eb mbrojtur konsumator\u00ebt final\u00eb\/taksapaguesit nga pasojat negative t\u00eb munges\u00ebs s\u00eb konkurrenc\u00ebs edhe per shkak te korrupsionit t\u00eb zyrtar\u00ebve t\u00eb lart\u00eb.<\/p>\n<p>Mungesa e konkurenc\u00ebs vret ritmet dhe cil\u00ebsin\u00eb e rritjes ekonomike dhe d\u00ebmton r\u00ebnd\u00eb kohezionin dhe solidaritetin social. Apeli publik i presidentit Biden q\u00eb n\u00eb dit\u00ebt e para t\u00eb vitit t\u00eb ri 2022 vlen shume edhe p\u00ebr shqiptar\u00ebt. Jave te mbare!\u201d-shkruan Arben Malaj.<\/p>","protected":false},"excerpt":{"rendered":"<p>Ish-ministri i Financave n\u00eb qeverisjen e socialist\u00eb, Arben Malaj i ka dh\u00ebn\u00eb nj\u00eb \u201cshuplak\u00eb\u201d t\u00eb fort\u00eb Qeveris\u00eb. N\u00eb nj\u00eb postim n\u00eb rrjetet sociale, Malaj shkruan se disa abuzues me pozicionet dominuese dhe fuqin\u00eb korruptive n\u00eb biznes me politikan\u00eb t\u00eb kapur prej tyre po sillen n\u00eb disa raste si skllavopronare t\u00eb shekullit 21. Sipas tij kjo [&hellip;]<\/p>\n","protected":false},"author":2030,"featured_media":228714,"comment_status":"closed","ping_status":"closed","sticky":false,"template":"","format":"standard","meta":{"footnotes":""},"categories":[241,3366,5380,231,1454],"tags":[],"class_list":{"0":"post-228713","1":"post","2":"type-post","3":"status-publish","4":"format-standard","5":"has-post-thumbnail","7":"category-aktualitet","8":"category-koment","9":"category-kryesore","10":"category-lajme","11":"category-politike"},"_links":{"self":[{"href":"https:\/\/zjarr.tv\/en\/wp-json\/wp\/v2\/posts\/228713","targetHints":{"allow":["GET"]}}],"collection":[{"href":"https:\/\/zjarr.tv\/en\/wp-json\/wp\/v2\/posts"}],"about":[{"href":"https:\/\/zjarr.tv\/en\/wp-json\/wp\/v2\/types\/post"}],"author":[{"embeddable":true,"href":"https:\/\/zjarr.tv\/en\/wp-json\/wp\/v2\/users\/2030"}],"replies":[{"embeddable":true,"href":"https:\/\/zjarr.tv\/en\/wp-json\/wp\/v2\/comments?post=228713"}],"version-history":[{"count":0,"href":"https:\/\/zjarr.tv\/en\/wp-json\/wp\/v2\/posts\/228713\/revisions"}],"wp:featuredmedia":[{"embeddable":true,"href":"https:\/\/zjarr.tv\/en\/wp-json\/wp\/v2\/media\/228714"}],"wp:attachment":[{"href":"https:\/\/zjarr.tv\/en\/wp-json\/wp\/v2\/media?parent=228713"}],"wp:term":[{"taxonomy":"category","embeddable":true,"href":"https:\/\/zjarr.tv\/en\/wp-json\/wp\/v2\/categories?post=228713"},{"taxonomy":"post_tag","embeddable":true,"href":"https:\/\/zjarr.tv\/en\/wp-json\/wp\/v2\/tags?post=228713"}],"curies":[{"name":"wp","href":"https:\/\/api.w.org\/{rel}","templated":true}]}}