{"id":228717,"date":"2022-01-05T13:13:28","date_gmt":"2022-01-05T12:13:28","guid":{"rendered":"https:\/\/zjarr.tv\/?p=228717"},"modified":"2022-01-05T13:13:28","modified_gmt":"2022-01-05T12:13:28","slug":"gjyqtarja-dha-doreheqjen-shtyhet-seanca-per-saimir-tahirin","status":"publish","type":"post","link":"https:\/\/zjarr.tv\/en\/gjyqtarja-dha-doreheqjen-shtyhet-seanca-per-saimir-tahirin\/","title":{"rendered":"Gjyqtarja dha dor\u00ebheqjen\/ Shtyhet seanca p\u00ebr Saimir Tahirin"},"content":{"rendered":"<p>Sot pritej q\u00eb t\u00eb mbahej seanca gjyq\u00ebsore p\u00ebr ish-ministrine Brendsh\u00ebm Saimir Tahiri, por m\u00ebsohet se seanca gjyq\u00ebsore \u00ebsht\u00eb shtyr\u00eb.<\/p>\n<p>M\u00ebsohet se shtyrja e seanc\u00ebs ka ndodhur pasi gjyqtarja Daniela Shirka, dha dor\u00ebheqjen nga \u00e7\u00ebshtja n\u00eb fjal\u00eb.<\/p>\n<p>Kujtojm\u00eb k\u00ebtu se Shirka \u00ebsht\u00eb e treta gjyqtare qe t\u00ebrhiqet nga \u00e7\u00ebshtja penale ndaj Tahirit dhe ish-drejtorit t\u00eb Policis\u00eb s\u00eb Vlor\u00ebs, Jaeld \u00c7el\u00ebs, me argumentin se \u00ebsht\u00eb n\u00eb papajtueshm\u00ebri p\u00ebrderisa ka shqyrtuar nj\u00eb \u00e7\u00ebshtje t\u00eb bashk\u00eblidhur e at\u00eb t\u00eb ish-ministrit.<\/p>","protected":false},"excerpt":{"rendered":"<p>Sot pritej q\u00eb t\u00eb mbahej seanca gjyq\u00ebsore p\u00ebr ish-ministrine Brendsh\u00ebm Saimir Tahiri, por m\u00ebsohet se seanca gjyq\u00ebsore \u00ebsht\u00eb shtyr\u00eb. M\u00ebsohet se shtyrja e seanc\u00ebs ka ndodhur pasi gjyqtarja Daniela Shirka, dha dor\u00ebheqjen nga \u00e7\u00ebshtja n\u00eb fjal\u00eb. Kujtojm\u00eb k\u00ebtu se Shirka \u00ebsht\u00eb e treta gjyqtare qe t\u00ebrhiqet nga \u00e7\u00ebshtja penale ndaj Tahirit dhe ish-drejtorit t\u00eb Policis\u00eb [&hellip;]<\/p>\n","protected":false},"author":2030,"featured_media":205467,"comment_status":"closed","ping_status":"closed","sticky":false,"template":"","format":"standard","meta":{"footnotes":""},"categories":[241,5380,231],"tags":[],"class_list":{"0":"post-228717","1":"post","2":"type-post","3":"status-publish","4":"format-standard","5":"has-post-thumbnail","7":"category-aktualitet","8":"category-kryesore","9":"category-lajme"},"_links":{"self":[{"href":"https:\/\/zjarr.tv\/en\/wp-json\/wp\/v2\/posts\/228717","targetHints":{"allow":["GET"]}}],"collection":[{"href":"https:\/\/zjarr.tv\/en\/wp-json\/wp\/v2\/posts"}],"about":[{"href":"https:\/\/zjarr.tv\/en\/wp-json\/wp\/v2\/types\/post"}],"author":[{"embeddable":true,"href":"https:\/\/zjarr.tv\/en\/wp-json\/wp\/v2\/users\/2030"}],"replies":[{"embeddable":true,"href":"https:\/\/zjarr.tv\/en\/wp-json\/wp\/v2\/comments?post=228717"}],"version-history":[{"count":0,"href":"https:\/\/zjarr.tv\/en\/wp-json\/wp\/v2\/posts\/228717\/revisions"}],"wp:featuredmedia":[{"embeddable":true,"href":"https:\/\/zjarr.tv\/en\/wp-json\/wp\/v2\/media\/205467"}],"wp:attachment":[{"href":"https:\/\/zjarr.tv\/en\/wp-json\/wp\/v2\/media?parent=228717"}],"wp:term":[{"taxonomy":"category","embeddable":true,"href":"https:\/\/zjarr.tv\/en\/wp-json\/wp\/v2\/categories?post=228717"},{"taxonomy":"post_tag","embeddable":true,"href":"https:\/\/zjarr.tv\/en\/wp-json\/wp\/v2\/tags?post=228717"}],"curies":[{"name":"wp","href":"https:\/\/api.w.org\/{rel}","templated":true}]}}