{"id":228916,"date":"2022-01-06T18:16:32","date_gmt":"2022-01-06T17:16:32","guid":{"rendered":"https:\/\/zjarr.tv\/?p=228916"},"modified":"2022-01-06T18:16:32","modified_gmt":"2022-01-06T17:16:32","slug":"selia-e-blinduar-del-foto-nga-brenda-pd-se-djem-te-rinj-te-veshur-me-te-zeza-dhe-me-maska-garo-ngre-dyshime-se","status":"publish","type":"post","link":"https:\/\/zjarr.tv\/en\/selia-e-blinduar-del-foto-nga-brenda-pd-se-djem-te-rinj-te-veshur-me-te-zeza-dhe-me-maska-garo-ngre-dyshime-se\/","title":{"rendered":"Selia e \u201cBLINDUAR\u201d: Del FOTO nga BRENDA PD-s\u00eb, djem t\u00eb rinj t\u00eb veshur me t\u00eb zeza dhe me maska, Garo ngre dyshime se &#8230;"},"content":{"rendered":"<p>N\u00eb medie ka qarkulluar nj\u00eb foto nga brenda ambienteve t\u00eb selis\u00eb s\u00eb PD-s\u00eb, ku shihen disa t\u00eb rinj t\u00eb maskuar dhe veshur me t\u00eb zeza, nd\u00ebrsa n\u00eb kok\u00eb mbajn\u00eb kapu\u00e7\u00eb t\u00eb zinj.<\/p>\n<p>Fotoja \u00ebsht\u00eb publikuar nga z\u00ebdh\u00ebn\u00ebsja e ish-kryeministrit Berisha, Floriana Garo, e cila aludon se nj\u00ebri prej djemve \u00ebsht\u00eb i armatosur pasi i ka rrethuar xhupin.<\/p>\n<p>\u201cJa per ke qendron e hapur Selia e PD! Nderkohe demokratet e sakrifices e deputetet e tyre qendrojne jashte\u2026Kjo merr fund ne 8 Janar!\u201d, shkruan Garo.<\/p>\n<p><img loading=\"lazy\" decoding=\"async\" class=\"alignnone size-medium wp-image-228917\" src=\"https:\/\/zjarr.tv\/wp-content\/uploads\/2022\/01\/Untitled-design-2022-01-06T181414.531-300x158.jpg\" alt=\"\" width=\"300\" height=\"158\" srcset=\"https:\/\/zjarr.tv\/wp-content\/uploads\/2022\/01\/Untitled-design-2022-01-06T181414.531-300x158.jpg 300w, https:\/\/zjarr.tv\/wp-content\/uploads\/2022\/01\/Untitled-design-2022-01-06T181414.531-1024x538.jpg 1024w, https:\/\/zjarr.tv\/wp-content\/uploads\/2022\/01\/Untitled-design-2022-01-06T181414.531-768x403.jpg 768w, https:\/\/zjarr.tv\/wp-content\/uploads\/2022\/01\/Untitled-design-2022-01-06T181414.531-696x365.jpg 696w, https:\/\/zjarr.tv\/wp-content\/uploads\/2022\/01\/Untitled-design-2022-01-06T181414.531-1068x561.jpg 1068w, https:\/\/zjarr.tv\/wp-content\/uploads\/2022\/01\/Untitled-design-2022-01-06T181414.531-800x420.jpg 800w, https:\/\/zjarr.tv\/wp-content\/uploads\/2022\/01\/Untitled-design-2022-01-06T181414.531.jpg 1200w\" sizes=\"auto, (max-width: 300px) 100vw, 300px\" \/><\/p>\n<p>M\u00eb her\u00ebt gjat\u00eb dit\u00ebs s\u00eb sotme n\u00eb selin\u00eb blu shkuan mb\u00ebshtet\u00ebsit e Berish\u00ebs dhe disa t\u00eb rinj t\u00eb FPRD p\u00ebr t\u00eb hyr\u00eb n\u00eb seli, por dyert ishin t\u00eb mbyllura. Kjo \u00ebsht\u00eb dita e dyt\u00eb q\u00eb p\u00ebrfaq\u00ebsuesit e Komisionit t\u00eb Rithemelimit shkojn\u00eb n\u00eb PD dhe hasen me dyert e mbyllura.<\/p>","protected":false},"excerpt":{"rendered":"<p>N\u00eb medie ka qarkulluar nj\u00eb foto nga brenda ambienteve t\u00eb selis\u00eb s\u00eb PD-s\u00eb, ku shihen disa t\u00eb rinj t\u00eb maskuar dhe veshur me t\u00eb zeza, nd\u00ebrsa n\u00eb kok\u00eb mbajn\u00eb kapu\u00e7\u00eb t\u00eb zinj. Fotoja \u00ebsht\u00eb publikuar nga z\u00ebdh\u00ebn\u00ebsja e ish-kryeministrit Berisha, Floriana Garo, e cila aludon se nj\u00ebri prej djemve \u00ebsht\u00eb i armatosur pasi i ka [&hellip;]<\/p>\n","protected":false},"author":2030,"featured_media":228918,"comment_status":"closed","ping_status":"closed","sticky":false,"template":"","format":"standard","meta":{"footnotes":""},"categories":[241,3366,1454],"tags":[],"class_list":{"0":"post-228916","1":"post","2":"type-post","3":"status-publish","4":"format-standard","5":"has-post-thumbnail","7":"category-aktualitet","8":"category-koment","9":"category-politike"},"_links":{"self":[{"href":"https:\/\/zjarr.tv\/en\/wp-json\/wp\/v2\/posts\/228916","targetHints":{"allow":["GET"]}}],"collection":[{"href":"https:\/\/zjarr.tv\/en\/wp-json\/wp\/v2\/posts"}],"about":[{"href":"https:\/\/zjarr.tv\/en\/wp-json\/wp\/v2\/types\/post"}],"author":[{"embeddable":true,"href":"https:\/\/zjarr.tv\/en\/wp-json\/wp\/v2\/users\/2030"}],"replies":[{"embeddable":true,"href":"https:\/\/zjarr.tv\/en\/wp-json\/wp\/v2\/comments?post=228916"}],"version-history":[{"count":0,"href":"https:\/\/zjarr.tv\/en\/wp-json\/wp\/v2\/posts\/228916\/revisions"}],"wp:featuredmedia":[{"embeddable":true,"href":"https:\/\/zjarr.tv\/en\/wp-json\/wp\/v2\/media\/228918"}],"wp:attachment":[{"href":"https:\/\/zjarr.tv\/en\/wp-json\/wp\/v2\/media?parent=228916"}],"wp:term":[{"taxonomy":"category","embeddable":true,"href":"https:\/\/zjarr.tv\/en\/wp-json\/wp\/v2\/categories?post=228916"},{"taxonomy":"post_tag","embeddable":true,"href":"https:\/\/zjarr.tv\/en\/wp-json\/wp\/v2\/tags?post=228916"}],"curies":[{"name":"wp","href":"https:\/\/api.w.org\/{rel}","templated":true}]}}