{"id":228922,"date":"2022-01-06T18:20:45","date_gmt":"2022-01-06T17:20:45","guid":{"rendered":"https:\/\/zjarr.tv\/?p=228922"},"modified":"2022-01-06T18:20:45","modified_gmt":"2022-01-06T17:20:45","slug":"ngritja-e-shtabit-ne-shqiperi-reagon-rama-edhe-pse-nuk-kam-qejf-ta-bej-dua-te-falenderoj-yuri-kim","status":"publish","type":"post","link":"https:\/\/zjarr.tv\/en\/ngritja-e-shtabit-ne-shqiperi-reagon-rama-edhe-pse-nuk-kam-qejf-ta-bej-dua-te-falenderoj-yuri-kim\/","title":{"rendered":"Ngritja e Shtabit n\u00eb Shqip\u00ebri, reagon Rama: Edhe pse nuk kam qejf ta b\u00ebj, dua t\u00eb falenderoj Yuri Kim \u2026"},"content":{"rendered":"<p>Kryeministri Edi Rama ka dal\u00eb dit\u00ebn e sotme n\u00eb nj\u00eb komunikim me ndjek\u00ebsit e tij n\u00eb Facebook p\u00ebr t\u00eb folur p\u00ebr lajmin q\u00eb n\u00eb Shqip\u00ebri do t\u00eb ngrihet nj\u00eb Shtab i Baz\u00ebs s\u00eb Forcave Operacionale Speciale t\u00eb SHBA-ve.<\/p>\n<p>Rama thot\u00eb se p\u00ebr k\u00ebt\u00eb lajm, vendi yn\u00eb ka shum\u00eb koh\u00eb q\u00eb punon, duke shtuar se tashm\u00eb Shqip\u00ebria nuk \u00ebsht\u00eb thjesht nj\u00eb vend an\u00ebtar i NATO-s por nj\u00eb vend ku do t\u00eb q\u00ebndrojn\u00eb Forcat Operacionale Speciale t\u00eb SHBA-ve. Nd\u00ebr t\u00eb tjera, Rama u shpreh se d\u00ebshiron t\u00eb falenderoj\u00eb Ambasadoren Yuri Kim q\u00eb ka ndihmuar n\u00eb k\u00ebt\u00eb arritje, duke shtuar se nuk i p\u00eblqen t\u00eb b\u00ebj\u00eb falenderime publike.<\/p>\n<p>\u201cPak pas lajmit nga Gjermania, doli deklarat\u00eb e komand\u00ebs s\u00eb forcave operacionale speciale t\u00eb SHBA-ve, e cila operon p\u00ebr Europ\u00ebn dhe ka vendosur t\u00eb ngrej\u00eb n\u00eb Shqip\u00ebri nj\u00eb shtab t\u00eb baz\u00ebs s\u00eb forcave operacionale speciale. Vendodhja e selis\u00eb n\u00eb Shqip\u00ebri do t\u00eb siguroj\u00eb nd\u00ebrveprueshm\u00ebri m\u00eb t\u00eb madhe me aleat\u00ebt tan\u00eb shqiptar\u00eb. Qasje t\u00eb r\u00ebnd\u00ebsishme n\u00eb qendr\u00ebn e transportit n\u00eb Ballkan dhe fleksibilitet m\u00eb t\u00eb madh logjistik. Shqip\u00ebria mbetet aleat i fort\u00eb n\u00eb NATO i SHBA-ve dhe aty g\u00ebzojm\u00eb marr\u00ebdh\u00ebnie t\u00eb fort\u00eb me qeverin\u00eb dhe ministrin\u00eb e mbrojtjes s\u00eb Shqip\u00ebris\u00eb, q\u00eb e b\u00ebn vendosjen e shtabit nj\u00eb veprim t\u00eb natyrsh\u00ebm. Kjo vendndodhje rrit fleksibilitetin e forcave n\u00eb rajon. Sot kemi marr\u00eb nj\u00eb lajm fantastik p\u00ebr t\u00eb cilin kemi dosa koh\u00eb q\u00eb punojm\u00eb. \u00cbsht\u00eb shprehje e nj\u00eb besueshm\u00ebrie shum\u00eb t\u00eb lart\u00eb, nj\u00eb bashk\u00ebpunimi t\u00eb af\u00ebrt. Me k\u00ebt\u00eb rast dua ta falenderoj publikisht, di\u00e7ka q\u00eb nuk e kam me shum\u00eb qejf ta b\u00ebj, por kur duihet b\u00ebr\u00eb duhet b\u00ebr\u00eb, realisht Ambasadorja Yuri Kim duhet falenderuar p\u00ebr leht\u00ebsimin e jasht\u00ebzakonsh\u00ebm q\u00eb i ka b\u00ebr\u00eb k\u00ebtij nd\u00ebrveprimi duke na mund\u00ebsuar t\u00eb jemi n\u00eb nj\u00eb nivel komunikimi m\u00eb t\u00eb lart\u00eb. Doja t\u2019jua thosha direkt nga zyra k\u00ebrt\u00eb lajm kaq t\u00eb mir\u00eb. Dhe p\u00ebr ata q\u00eb na qahen ku i keni arm\u00ebt, pushk\u00ebt, kobur\u00ebt. Nuk jemi vet\u00ebm an\u00ebtar n\u00eb NATO por nj\u00eb vend me shtabin baz\u00eb t\u00eb forcave operacionale speciale t\u00eb SHBA-ve\u201d, tha Rama.<\/p>","protected":false},"excerpt":{"rendered":"<p>Kryeministri Edi Rama ka dal\u00eb dit\u00ebn e sotme n\u00eb nj\u00eb komunikim me ndjek\u00ebsit e tij n\u00eb Facebook p\u00ebr t\u00eb folur p\u00ebr lajmin q\u00eb n\u00eb Shqip\u00ebri do t\u00eb ngrihet nj\u00eb Shtab i Baz\u00ebs s\u00eb Forcave Operacionale Speciale t\u00eb SHBA-ve. Rama thot\u00eb se p\u00ebr k\u00ebt\u00eb lajm, vendi yn\u00eb ka shum\u00eb koh\u00eb q\u00eb punon, duke shtuar se tashm\u00eb [&hellip;]<\/p>\n","protected":false},"author":2030,"featured_media":228923,"comment_status":"closed","ping_status":"closed","sticky":false,"template":"","format":"standard","meta":{"footnotes":""},"categories":[241,3366,1454],"tags":[],"class_list":{"0":"post-228922","1":"post","2":"type-post","3":"status-publish","4":"format-standard","5":"has-post-thumbnail","7":"category-aktualitet","8":"category-koment","9":"category-politike"},"_links":{"self":[{"href":"https:\/\/zjarr.tv\/en\/wp-json\/wp\/v2\/posts\/228922","targetHints":{"allow":["GET"]}}],"collection":[{"href":"https:\/\/zjarr.tv\/en\/wp-json\/wp\/v2\/posts"}],"about":[{"href":"https:\/\/zjarr.tv\/en\/wp-json\/wp\/v2\/types\/post"}],"author":[{"embeddable":true,"href":"https:\/\/zjarr.tv\/en\/wp-json\/wp\/v2\/users\/2030"}],"replies":[{"embeddable":true,"href":"https:\/\/zjarr.tv\/en\/wp-json\/wp\/v2\/comments?post=228922"}],"version-history":[{"count":0,"href":"https:\/\/zjarr.tv\/en\/wp-json\/wp\/v2\/posts\/228922\/revisions"}],"wp:featuredmedia":[{"embeddable":true,"href":"https:\/\/zjarr.tv\/en\/wp-json\/wp\/v2\/media\/228923"}],"wp:attachment":[{"href":"https:\/\/zjarr.tv\/en\/wp-json\/wp\/v2\/media?parent=228922"}],"wp:term":[{"taxonomy":"category","embeddable":true,"href":"https:\/\/zjarr.tv\/en\/wp-json\/wp\/v2\/categories?post=228922"},{"taxonomy":"post_tag","embeddable":true,"href":"https:\/\/zjarr.tv\/en\/wp-json\/wp\/v2\/tags?post=228922"}],"curies":[{"name":"wp","href":"https:\/\/api.w.org\/{rel}","templated":true}]}}