{"id":228985,"date":"2022-01-07T07:53:43","date_gmt":"2022-01-07T06:53:43","guid":{"rendered":"https:\/\/zjarr.tv\/?p=228985"},"modified":"2022-01-07T07:58:37","modified_gmt":"2022-01-07T06:58:37","slug":"shperthen-nje-makine-ne-ecje-e-siper-ne-unazen-e-re-plagoset-shoferi-dhe-pasagjeri","status":"publish","type":"post","link":"https:\/\/zjarr.tv\/en\/shperthen-nje-makine-ne-ecje-e-siper-ne-unazen-e-re-plagoset-shoferi-dhe-pasagjeri\/","title":{"rendered":"Shp\u00ebrthen nj\u00eb makin\u00eb n\u00eb ecje e sip\u00ebr n\u00eb Unaz\u00ebn e Re, plagoset shoferi dhe pasagjeri"},"content":{"rendered":"<p>Nj\u00eb makin\u00eb ka shp\u00ebrthyer pas mesnate n\u00eb Unaz\u00ebn e Re n\u00eb af\u00ebrsi t\u00eb rrethit t\u00eb Selit\u00ebs, p\u00ebr pasoj\u00eb kan\u00eb mbetur t\u00eb plagosur shoferi Mikel Harizaj 42 vje\u00e7 dhe pasagjeri Serini Dumi 26 vje\u00e7.<\/p>\n<p>&nbsp;<\/p>\n<p>Policia dha detajet p\u00ebr ngjarjen:<\/p>\n<p>&#8220;M\u00eb dat\u00eb 07.01.2022, rreth or\u00ebs 02:50 t\u00eb m\u00ebngjesit, n\u00eb Unaz\u00ebn e Re, n\u00eb af\u00ebrsi t\u00eb rrethit t\u00eb Selit\u00ebs, n\u00eb rrethana ende t\u00eb paqarta ka shp\u00ebrthyer dyshohet l\u00ebnd\u00eb plas\u00ebse n\u00eb mjetin n\u00eb l\u00ebvizje, me drejtues shtetasin M. H., 42 vje\u00e7 dhe pasagjer shtetasin S. D., 26 vje\u00e7.<\/p>\n<p>&nbsp;<\/p>\n<p>Si pasoj\u00eb e shp\u00ebrthimit jan\u00eb d\u00ebmtuar drejtuesi i mjetit dhe pasagjeri, t\u00eb cil\u00ebt ndodhen n\u00eb spital p\u00ebr ndihm\u00eb mjek\u00ebsore.<\/p>\n<p>&nbsp;<\/p>\n<p>Grupi hetimor n\u00ebn drejtimin e Prokuroris\u00eb\u00a0 po punon p\u00ebr sqarimin e rrethanave t\u00eb ngjarjes.&#8221;<\/p>","protected":false},"excerpt":{"rendered":"<p>Nj\u00eb makin\u00eb ka shp\u00ebrthyer pas mesnate n\u00eb Unaz\u00ebn e Re n\u00eb af\u00ebrsi t\u00eb rrethit t\u00eb Selit\u00ebs, p\u00ebr pasoj\u00eb kan\u00eb mbetur t\u00eb plagosur shoferi Mikel Harizaj 42 vje\u00e7 dhe pasagjeri Serini Dumi 26 vje\u00e7. &nbsp; Policia dha detajet p\u00ebr ngjarjen: &#8220;M\u00eb dat\u00eb 07.01.2022, rreth or\u00ebs 02:50 t\u00eb m\u00ebngjesit, n\u00eb Unaz\u00ebn e Re, n\u00eb af\u00ebrsi t\u00eb rrethit [&hellip;]<\/p>\n","protected":false},"author":2031,"featured_media":148453,"comment_status":"closed","ping_status":"closed","sticky":false,"template":"","format":"standard","meta":{"footnotes":""},"categories":[241,231,235],"tags":[],"class_list":{"0":"post-228985","1":"post","2":"type-post","3":"status-publish","4":"format-standard","5":"has-post-thumbnail","7":"category-aktualitet","8":"category-lajme","9":"category-vendi"},"_links":{"self":[{"href":"https:\/\/zjarr.tv\/en\/wp-json\/wp\/v2\/posts\/228985","targetHints":{"allow":["GET"]}}],"collection":[{"href":"https:\/\/zjarr.tv\/en\/wp-json\/wp\/v2\/posts"}],"about":[{"href":"https:\/\/zjarr.tv\/en\/wp-json\/wp\/v2\/types\/post"}],"author":[{"embeddable":true,"href":"https:\/\/zjarr.tv\/en\/wp-json\/wp\/v2\/users\/2031"}],"replies":[{"embeddable":true,"href":"https:\/\/zjarr.tv\/en\/wp-json\/wp\/v2\/comments?post=228985"}],"version-history":[{"count":0,"href":"https:\/\/zjarr.tv\/en\/wp-json\/wp\/v2\/posts\/228985\/revisions"}],"wp:featuredmedia":[{"embeddable":true,"href":"https:\/\/zjarr.tv\/en\/wp-json\/wp\/v2\/media\/148453"}],"wp:attachment":[{"href":"https:\/\/zjarr.tv\/en\/wp-json\/wp\/v2\/media?parent=228985"}],"wp:term":[{"taxonomy":"category","embeddable":true,"href":"https:\/\/zjarr.tv\/en\/wp-json\/wp\/v2\/categories?post=228985"},{"taxonomy":"post_tag","embeddable":true,"href":"https:\/\/zjarr.tv\/en\/wp-json\/wp\/v2\/tags?post=228985"}],"curies":[{"name":"wp","href":"https:\/\/api.w.org\/{rel}","templated":true}]}}