{"id":228989,"date":"2022-01-07T07:55:41","date_gmt":"2022-01-07T06:55:41","guid":{"rendered":"https:\/\/zjarr.tv\/?p=228989"},"modified":"2022-01-07T08:00:44","modified_gmt":"2022-01-07T07:00:44","slug":"fuga-ky-eshte-kamp-perqendrimi-burg-vend-torturash-ma-bej-enderr-o-zot","status":"publish","type":"post","link":"https:\/\/zjarr.tv\/en\/fuga-ky-eshte-kamp-perqendrimi-burg-vend-torturash-ma-bej-enderr-o-zot\/","title":{"rendered":"Fuga: Ky nuk \u00ebsht\u00eb m\u00eb staliniz\u00ebm politik, ky \u00ebsht\u00eb gulag&#8230;"},"content":{"rendered":"<p>Pedagogu Artan Fuga ka reaguar tep\u00ebr i revoltuar dhe i \u00e7uditur pas \u00e7montimit q\u00eb i b\u00ebri SYRI mashtrimit t\u00eb Lulzim Bash\u00ebs se selia e PD-s\u00eb nuk ishte e blinduar por se aty po b\u00ebheshin punime.<\/p>\n<p>N\u00eb postimin e tij n\u00eb Facebook, Fuga shpreh keqardhje p\u00ebr k\u00ebt\u00eb gjendje n\u00eb PD dhe nuk e beson se kjo pun\u00eb ka arritur deri k\u00ebtu, duke shpresuar qe zoti tja b\u00ebj\u00eb \u00ebnd\u00ebrr.<\/p>\n<p>Postimi i plot\u00eb i Artan Fug\u00ebs:<\/p>\n<p>Deri k\u00ebtu???<\/p>\n<p>Ky nuk \u00ebsht\u00eb m\u00eb staliniz\u00ebm politik, ky \u00ebsht\u00eb gulag, kamp p\u00ebrqendrimi, burg, vend torturash!<\/p>\n<p>Mir\u00eb q\u00eb nuk e minojn\u00eb!<\/p>\n<p>Kjo nd\u00ebrtes\u00eb nuk ka qen\u00eb k\u00ebshtu as n\u00eb koh\u00ebn e gjeneral Petrit Dumes s\u00eb ndjer\u00eb!!!<\/p>\n<p>Cfar\u00eb po ndodh n\u00eb k\u00ebt\u00eb \u00e7menduri!<\/p>\n<p>Ore nuk ka dikush aty t&#8217;i thot\u00eb: Jooooo, mossssssssss deri k\u00ebtu!<\/p>\n<p>M&#8217;a b\u00ebj \u00ebnd\u00ebrr o Zot!<\/p>","protected":false},"excerpt":{"rendered":"<p>Pedagogu Artan Fuga ka reaguar tep\u00ebr i revoltuar dhe i \u00e7uditur pas \u00e7montimit q\u00eb i b\u00ebri SYRI mashtrimit t\u00eb Lulzim Bash\u00ebs se selia e PD-s\u00eb nuk ishte e blinduar por se aty po b\u00ebheshin punime. N\u00eb postimin e tij n\u00eb Facebook, Fuga shpreh keqardhje p\u00ebr k\u00ebt\u00eb gjendje n\u00eb PD dhe nuk e beson se kjo [&hellip;]<\/p>\n","protected":false},"author":2031,"featured_media":228993,"comment_status":"closed","ping_status":"closed","sticky":false,"template":"","format":"standard","meta":{"footnotes":""},"categories":[231],"tags":[],"class_list":{"0":"post-228989","1":"post","2":"type-post","3":"status-publish","4":"format-standard","5":"has-post-thumbnail","7":"category-lajme"},"_links":{"self":[{"href":"https:\/\/zjarr.tv\/en\/wp-json\/wp\/v2\/posts\/228989","targetHints":{"allow":["GET"]}}],"collection":[{"href":"https:\/\/zjarr.tv\/en\/wp-json\/wp\/v2\/posts"}],"about":[{"href":"https:\/\/zjarr.tv\/en\/wp-json\/wp\/v2\/types\/post"}],"author":[{"embeddable":true,"href":"https:\/\/zjarr.tv\/en\/wp-json\/wp\/v2\/users\/2031"}],"replies":[{"embeddable":true,"href":"https:\/\/zjarr.tv\/en\/wp-json\/wp\/v2\/comments?post=228989"}],"version-history":[{"count":0,"href":"https:\/\/zjarr.tv\/en\/wp-json\/wp\/v2\/posts\/228989\/revisions"}],"wp:featuredmedia":[{"embeddable":true,"href":"https:\/\/zjarr.tv\/en\/wp-json\/wp\/v2\/media\/228993"}],"wp:attachment":[{"href":"https:\/\/zjarr.tv\/en\/wp-json\/wp\/v2\/media?parent=228989"}],"wp:term":[{"taxonomy":"category","embeddable":true,"href":"https:\/\/zjarr.tv\/en\/wp-json\/wp\/v2\/categories?post=228989"},{"taxonomy":"post_tag","embeddable":true,"href":"https:\/\/zjarr.tv\/en\/wp-json\/wp\/v2\/tags?post=228989"}],"curies":[{"name":"wp","href":"https:\/\/api.w.org\/{rel}","templated":true}]}}