{"id":229007,"date":"2022-01-07T11:26:11","date_gmt":"2022-01-07T10:26:11","guid":{"rendered":"https:\/\/zjarr.tv\/?p=229007"},"modified":"2022-01-07T11:26:11","modified_gmt":"2022-01-07T10:26:11","slug":"lulzim-basha-tregon-pse-jane-mbyllur-dyert-e-pd-se-brenda-ka-tulla-dhe-llac-po-behen-punime-cdokush-mund-te-futet-ne-seli-nuk-i-ndalon-asnje","status":"publish","type":"post","link":"https:\/\/zjarr.tv\/en\/lulzim-basha-tregon-pse-jane-mbyllur-dyert-e-pd-se-brenda-ka-tulla-dhe-llac-po-behen-punime-cdokush-mund-te-futet-ne-seli-nuk-i-ndalon-asnje\/","title":{"rendered":"Lulzim Basha tregon pse jan\u00eb mbyllur dyert e PD-s\u00eb: Brenda ka tulla dhe lla\u00e7, po b\u00ebhen punime! \u00c7dokush mund t\u00eb futet n\u00eb seli, nuk i ndalon asnj\u00eb"},"content":{"rendered":"<p>Kryedemokrati Lulzim Basha ka deklaruar mbr\u00ebmjen e djeshme se dyert e selis\u00eb s\u00eb PD-s\u00eb jan\u00eb mbyllur p\u00ebr shkak se brenda selis\u00eb po kryehen punime. Sipas tij, brenda ka lla\u00e7 dhe tulla, pasi jan\u00eb shtuar Sekretariatet, ndaj jan\u00eb marr\u00eb masa t\u00eb devijimit t\u00eb hyrjeve dhe daljeve.<\/p>\n<p>\u201cSe \u00e7far\u00eb ndodh n\u00eb bodrumet e PD-s\u00eb, ato q\u00eb jan\u00eb th\u00ebn\u00eb jan\u00eb n\u00eb imagjinat\u00ebn e shfrenuar t\u00eb \u00e7dokujt. Krijohet ideja q\u00eb Sali Berisha ka p\u00ebr PD-n\u00eb, ta kthej\u00eb n\u00eb nj\u00eb bunker. N\u00ebse Berisha do t\u00eb ishte sot kryetar i PD-s\u00eb, ai do t\u00eb ishte i vet\u00ebm, pasi demokrat\u00ebt e kan\u00eb braktisur.<\/p>\n<p>M\u00eb tha nj\u00eb demokrat nga Tropoja. N\u00eb fillim m\u00eb tha, m\u00eb dukej se i bije n\u00eb qaf\u00eb Berish\u00ebs, pastaj kuptova se ai ka nj\u00eb hall. Kjo \u00ebsht\u00eb ajo q\u00eb i ka ndodhur shum\u00eb demokrat\u00ebve. Berisha u shpreh se nuk do ta p\u00ebrfshinte PD-n\u00eb n\u00eb betej\u00ebn ndaj SHBA-s\u00eb, por nuk e b\u00ebri.<\/p>\n<p>\u00c7dokush q\u00eb \u00ebsht\u00eb funksionar i PD-s\u00eb, sipas rregullave mund t\u00eb futet n\u00eb seli. Po b\u00ebhen punime, jan\u00eb shtuar Sekretariatet, ka tulla dhe lla\u00e7, ndaj jan\u00eb marr\u00eb masa t\u00eb devijimit t\u00eb hyrjet dhe daljeve.<\/p>\n<p>Pamjet q\u00eb u dhan\u00eb jan\u00eb prova filmike t\u00eb nj\u00eb kamere ngjitur me nj\u00eb qend\u00ebr q\u00eb mund t\u00eb num\u00ebrohen ata q\u00eb kan\u00eb votuar dhe jan\u00eb 10% e asaj q\u00eb \u00ebsht\u00eb mburrur Saliu Berisha. I kemi t\u00eb gjitha faktet n\u00eb t\u00eb gjitha deg\u00ebt. Nuk na jep k\u00ebnaq\u00ebsi, \u00ebsht\u00eb turp q\u00eb Berisha dhe nj\u00eb grup njer\u00ebzish p\u00ebrdhosin dinjitetin e demokrat\u00ebve. K\u00ebt\u00eb kan\u00eb b\u00ebr\u00eb gjith\u00eb koh\u00ebn, kan\u00eb mashtruar dhe manipuluar. Si\u00e7 doli ky filmim, ka edhe shum\u00eb t\u00eb tjer\u00eb\u201d, tha Basha n\u00eb \u201cOpen\u201d.<\/p>","protected":false},"excerpt":{"rendered":"<p>Kryedemokrati Lulzim Basha ka deklaruar mbr\u00ebmjen e djeshme se dyert e selis\u00eb s\u00eb PD-s\u00eb jan\u00eb mbyllur p\u00ebr shkak se brenda selis\u00eb po kryehen punime. Sipas tij, brenda ka lla\u00e7 dhe tulla, pasi jan\u00eb shtuar Sekretariatet, ndaj jan\u00eb marr\u00eb masa t\u00eb devijimit t\u00eb hyrjeve dhe daljeve. \u201cSe \u00e7far\u00eb ndodh n\u00eb bodrumet e PD-s\u00eb, ato q\u00eb jan\u00eb [&hellip;]<\/p>\n","protected":false},"author":2030,"featured_media":229008,"comment_status":"closed","ping_status":"closed","sticky":false,"template":"","format":"standard","meta":{"footnotes":""},"categories":[241,3366,5380,231,1454],"tags":[],"class_list":{"0":"post-229007","1":"post","2":"type-post","3":"status-publish","4":"format-standard","5":"has-post-thumbnail","7":"category-aktualitet","8":"category-koment","9":"category-kryesore","10":"category-lajme","11":"category-politike"},"_links":{"self":[{"href":"https:\/\/zjarr.tv\/en\/wp-json\/wp\/v2\/posts\/229007","targetHints":{"allow":["GET"]}}],"collection":[{"href":"https:\/\/zjarr.tv\/en\/wp-json\/wp\/v2\/posts"}],"about":[{"href":"https:\/\/zjarr.tv\/en\/wp-json\/wp\/v2\/types\/post"}],"author":[{"embeddable":true,"href":"https:\/\/zjarr.tv\/en\/wp-json\/wp\/v2\/users\/2030"}],"replies":[{"embeddable":true,"href":"https:\/\/zjarr.tv\/en\/wp-json\/wp\/v2\/comments?post=229007"}],"version-history":[{"count":0,"href":"https:\/\/zjarr.tv\/en\/wp-json\/wp\/v2\/posts\/229007\/revisions"}],"wp:featuredmedia":[{"embeddable":true,"href":"https:\/\/zjarr.tv\/en\/wp-json\/wp\/v2\/media\/229008"}],"wp:attachment":[{"href":"https:\/\/zjarr.tv\/en\/wp-json\/wp\/v2\/media?parent=229007"}],"wp:term":[{"taxonomy":"category","embeddable":true,"href":"https:\/\/zjarr.tv\/en\/wp-json\/wp\/v2\/categories?post=229007"},{"taxonomy":"post_tag","embeddable":true,"href":"https:\/\/zjarr.tv\/en\/wp-json\/wp\/v2\/tags?post=229007"}],"curies":[{"name":"wp","href":"https:\/\/api.w.org\/{rel}","templated":true}]}}