{"id":229040,"date":"2022-01-07T16:34:28","date_gmt":"2022-01-07T15:34:28","guid":{"rendered":"https:\/\/zjarr.tv\/?p=229040"},"modified":"2022-01-07T16:34:28","modified_gmt":"2022-01-07T15:34:28","slug":"emrat-keta-jane-dy-specialistet-e-it-qe-nxoren-te-dhenat-ne-pranga-dhe-dy-privatet-qe-i-blene","status":"publish","type":"post","link":"https:\/\/zjarr.tv\/en\/emrat-keta-jane-dy-specialistet-e-it-qe-nxoren-te-dhenat-ne-pranga-dhe-dy-privatet-qe-i-blene\/","title":{"rendered":"EMRAT\/ K\u00ebta jan\u00eb dy specialist\u00ebt e IT q\u00eb nxor\u00ebn t\u00eb dh\u00ebnat, n\u00eb pranga dhe dy \u201cprivat\u00ebt\u201d q\u00eb i blen\u00eb"},"content":{"rendered":"<p>Kryeprokurorja e Tiran\u00ebs Elisabeta Imeraj, ka th\u00ebn\u00eb k\u00ebt\u00eb t\u00eb premte se n\u00eb bashk\u00ebpunim me Policin\u00eb e kryeqytetit kan\u00eb mundur t\u00eb zbardhin skandalin e publikimit t\u00eb t\u00eb dh\u00ebnave t\u00eb m\u00eb shum\u00eb se 650 mij\u00eb shtetasve shqiptar\u00eb.<\/p>\n<p>Sipas saj, jan\u00eb sekuestruar shum\u00eb servera dhe kompjutera dhe \u00ebsht\u00eb arritur te personat t\u00eb cil\u00ebt i kan\u00eb shp\u00ebrndar\u00eb. Deri tani jan\u00eb arrestuar 4 persona dhe dy prej tyre jan\u00eb zyrtar\u00eb t\u00eb shtetit, specialist\u00eb IT t\u00eb Drejtoris\u00eb s\u00eb P\u00ebrgjithshme t\u00eb Tatimeve. N\u00eb pranga kan\u00eb r\u00ebn\u00eb dhe dy personat q\u00eb i kan\u00eb bler\u00eb k\u00ebto t\u00eb dh\u00ebna.<\/p>\n<p>Dy punonj\u00ebsit e Tatimeve dhe t\u00eb AKSHIT q\u00eb kan\u00eb nxjerr t\u00eb dh\u00ebnat jan\u00eb: Eni Qirjako dhe Andi Agaraj, specialist\u00eb IT n\u00eb Drejtorin\u00eb e P\u00ebrgjithshme t\u00eb Tatimeve.<\/p>\n<p>Nd\u00ebrkoh\u00eb, dy punonj\u00ebsit e kompaniove private q\u00eb i kan\u00eb bler\u00eb k\u00ebto t\u00eb dh\u00ebna jan\u00eb: Klodian Sota dhe Endri Ikonomi, punonj\u00ebs t\u00eb kompanive private. Kryeprokurorja Imeraj theksoi se nuk kemi t\u00eb b\u00ebjm\u00eb me rrjedhje t\u00eb t\u00eb dh\u00ebnave por shp\u00ebrdorim detyre nga zyrtar\u00eb t\u00eb shtetit dhe shitje t\u00eb tyre kundrejt pages\u00ebs. Pavar\u00ebsisht k\u00ebtyre arrestimve, hetimet n\u00eb bashk\u00ebpunim me Policin\u00eb e Tiran\u00ebs vazhdojn\u00eb p\u00ebr arrestimin e personave t\u00eb tjer\u00eb q\u00eb mund t\u00eb jen\u00eb t\u00eb p\u00ebrfshir\u00eb n\u00eb k\u00ebt\u00eb skandal.<\/p>","protected":false},"excerpt":{"rendered":"<p>Kryeprokurorja e Tiran\u00ebs Elisabeta Imeraj, ka th\u00ebn\u00eb k\u00ebt\u00eb t\u00eb premte se n\u00eb bashk\u00ebpunim me Policin\u00eb e kryeqytetit kan\u00eb mundur t\u00eb zbardhin skandalin e publikimit t\u00eb t\u00eb dh\u00ebnave t\u00eb m\u00eb shum\u00eb se 650 mij\u00eb shtetasve shqiptar\u00eb. Sipas saj, jan\u00eb sekuestruar shum\u00eb servera dhe kompjutera dhe \u00ebsht\u00eb arritur te personat t\u00eb cil\u00ebt i kan\u00eb shp\u00ebrndar\u00eb. Deri tani [&hellip;]<\/p>\n","protected":false},"author":2030,"featured_media":228842,"comment_status":"closed","ping_status":"closed","sticky":false,"template":"","format":"standard","meta":{"footnotes":""},"categories":[241,5380,231],"tags":[],"class_list":{"0":"post-229040","1":"post","2":"type-post","3":"status-publish","4":"format-standard","5":"has-post-thumbnail","7":"category-aktualitet","8":"category-kryesore","9":"category-lajme"},"_links":{"self":[{"href":"https:\/\/zjarr.tv\/en\/wp-json\/wp\/v2\/posts\/229040","targetHints":{"allow":["GET"]}}],"collection":[{"href":"https:\/\/zjarr.tv\/en\/wp-json\/wp\/v2\/posts"}],"about":[{"href":"https:\/\/zjarr.tv\/en\/wp-json\/wp\/v2\/types\/post"}],"author":[{"embeddable":true,"href":"https:\/\/zjarr.tv\/en\/wp-json\/wp\/v2\/users\/2030"}],"replies":[{"embeddable":true,"href":"https:\/\/zjarr.tv\/en\/wp-json\/wp\/v2\/comments?post=229040"}],"version-history":[{"count":0,"href":"https:\/\/zjarr.tv\/en\/wp-json\/wp\/v2\/posts\/229040\/revisions"}],"wp:featuredmedia":[{"embeddable":true,"href":"https:\/\/zjarr.tv\/en\/wp-json\/wp\/v2\/media\/228842"}],"wp:attachment":[{"href":"https:\/\/zjarr.tv\/en\/wp-json\/wp\/v2\/media?parent=229040"}],"wp:term":[{"taxonomy":"category","embeddable":true,"href":"https:\/\/zjarr.tv\/en\/wp-json\/wp\/v2\/categories?post=229040"},{"taxonomy":"post_tag","embeddable":true,"href":"https:\/\/zjarr.tv\/en\/wp-json\/wp\/v2\/tags?post=229040"}],"curies":[{"name":"wp","href":"https:\/\/api.w.org\/{rel}","templated":true}]}}