{"id":229067,"date":"2022-01-07T17:44:50","date_gmt":"2022-01-07T16:44:50","guid":{"rendered":"https:\/\/zjarr.tv\/?p=229067"},"modified":"2022-01-07T17:44:50","modified_gmt":"2022-01-07T16:44:50","slug":"dhoma-e-permbaruesve-distancohet-nga-endri-ikonomi-dhe-klodian-sota-nuk-jane-permbarues-jane-mashtrues","status":"publish","type":"post","link":"https:\/\/zjarr.tv\/en\/dhoma-e-permbaruesve-distancohet-nga-endri-ikonomi-dhe-klodian-sota-nuk-jane-permbarues-jane-mashtrues\/","title":{"rendered":"Dhoma e P\u00ebrmbaruesve distancohet nga Endri Ikonomi dhe Klodian Sota: NUK JAN\u00cb P\u00cbRMBARUES, JAN\u00cb MASHTRUES"},"content":{"rendered":"<p>Dhoma Komb\u00ebtare e P\u00ebrmbaruesve Gjyq\u00ebsor\u00eb Privat\u00eb ka reaguar pas arrestimeve t\u00eb Prokuroris\u00eb s\u00eb Tiran\u00ebs p\u00ebr skandalin e rrjedhjes s\u00eb databaz\u00ebs me pagat e shqiptar\u00ebve, ku dy prej tyre rezultonin me kompani t\u00eb regjistruara n\u00eb Qendr\u00ebn Komb\u00ebtare t\u00eb Biznesit si \u201cp\u00ebrmbarues\u201d.<\/p>\n<p>Dhoma e P\u00ebrmbaruesve thot\u00eb se t\u00eb arrestuarit, Endri Ikonomi dhe Klodian Sota nuk jan\u00eb p\u00ebrmbarues por mashtrues t\u00eb cil\u00ebt operojn\u00eb pa licenca dhe jan\u00eb pjes\u00eb e atyre \u201cp\u00ebrmbaruesve\u201d q\u00eb shantazhojn\u00eb qytetar\u00ebt p\u00ebr mbledhjen e borxheve p\u00ebrmes metodave t\u00eb paligjshme si mesazhe direkte n\u00eb telefon.<\/p>\n<p>Ata jan\u00eb administrator\u00eb t\u00eb kompanive, p\u00ebrkat\u00ebsisht, \u201cPRO 3VT\u201d sh.p.k. \u2013 Institucion financiar mikrokredie dhe \u201cSMART COLLECTION\u201d sh.p.k. \u2013 Kompani \u201cMbledhje detyrimesh\/kredish t\u00eb k\u00ebqija p\u00ebr bankat e nivelit t\u00eb dyt\u00eb dhe t\u00eb trete\u2026\u201d.<\/p>\n<p>Reagimi i plot\u00eb i Dhom\u00ebs Komb\u00ebtare t\u00eb P\u00ebrmbaruesve:<\/p>\n<p>NUK JAN\u00cb P\u00cbRMBARUES, JAN\u00cb MASHTRUES<\/p>\n<p>Informojm\u00eb dhe sqarojm\u00eb mediat bashk\u00eb me opinionin publik se dy personat q\u00eb blen\u00eb dhe p\u00ebrdor\u00ebn t\u00eb dh\u00ebnat e shqiptar\u00ebve, p\u00ebrkat\u00ebsisht Endri Ikonomi dhe Klodian Sota nuk jan\u00eb p\u00ebrmbarues dhe nuk kan\u00eb qen\u00eb kurr\u00eb t\u00eb till\u00eb. Kryeprokurorja e Tiran\u00ebs sot u shpreh se \u201ck\u00ebta dy persona punojn\u00eb n\u00eb fush\u00ebn e p\u00ebrmbarimit\u201d, por n\u00eb fakt t\u00eb dy punojn\u00eb n\u00eb fush\u00ebn e MASHTRIMIT:<\/p>\n<p>I pari ka krijuar \u201cPRO 3VT\u201d sh.p.k. \u2013 Institucion financiar mikrokredie;<\/p>\n<p>I dyti \u201cSMART COLLECTION\u201d sh.p.k. \u2013 Kompani \u201cMbledhje detyrimesh\/kredish t\u00eb k\u00ebqija p\u00ebr bankat e nivelit t\u00eb dyt\u00eb dhe t\u00eb trete\u2026\u201d. T\u00eb dyja kompanit\u00eb n\u00eb mashtrim t\u00eb ligjit dhe qytetar\u00ebve, pa asnj\u00eb lloj licence p\u00ebr k\u00ebto aktivitete, jan\u00eb regjistruar nga Qendra Komb\u00ebtare e Biznesit dhe lejuar nga Banka e Shqip\u00ebris\u00eb.<\/p>\n<p>Akuzojm\u00eb publikisht titullar\u00ebt e k\u00ebtyre dy institucioneve p\u00ebr lejimin e tyre, ashtu si t\u00eb dhjet\u00ebra t\u00eb tjerave q\u00eb ne i kemi denoncuar disa her\u00eb si \u201cBaraka Financiare\u201d, t\u00eb cilat mbledhin borxhe n\u00ebp\u00ebrmjet mashtrimit dhe shantazhit.<\/p>\n<p>Kemi denoncuar pa reshtur fenomenin e b\u00ebrjes s\u00eb \u201cp\u00ebrmbarimit\u201d me telefonata dhe shkresa mashtruese, q\u00eb s\u2019kan\u00eb asnj\u00eb lidhje me sh\u00ebrbimin p\u00ebrmbarimor shtet\u00ebror apo privat, por vet\u00ebm me k\u00ebta bler\u00ebs t\u00eb paskrupullt t\u00eb borxheve t\u00eb qytetar\u00ebve dhe databazave shtet\u00ebrore. Shteti me gjith\u00eb organe ligjzbatuese prej vitesh ka heshtur!<\/p>\n<p>Ashtu si jan\u00eb bler\u00eb borxhet e shqiptar\u00ebve p\u00ebr dy lek\u00eb, po p\u00ebr aq pak sot pam\u00eb se jan\u00eb bler\u00eb edhe instrumentet p\u00ebr t\u2019i shantazhuar ata, adresat, numrat e telefonit, t\u00eb dh\u00ebnat e gjendjes civile, mjeteve motorike etj. Dhoma e P\u00ebrmbaruesve i b\u00ebn thirrje Prokuroris\u00eb s\u00eb Shtetit t\u00eb mos \u201cflej\u00eb\u201d mbi \u00e7\u00ebshtjet e denoncuara prej dy vitesh nga Ministria e Drejt\u00ebsis\u00eb dhe prej disa muajsh nga p\u00ebrmbaruesit. Databazat e shtetit shqiptar jan\u00eb bler\u00eb p\u00ebr t\u00eb mashtruar dhe shantazhuar publikun dhe ky duhet t\u00eb ishte hetim i p\u00ebrfunduar prej koh\u00ebsh\u2026<\/p>\n<p><img loading=\"lazy\" decoding=\"async\" class=\"alignnone size-medium wp-image-229068\" src=\"https:\/\/zjarr.tv\/wp-content\/uploads\/2022\/01\/271548318_326613329319567_6106677903870015217_n-235x300.jpg\" alt=\"\" width=\"235\" height=\"300\" srcset=\"https:\/\/zjarr.tv\/wp-content\/uploads\/2022\/01\/271548318_326613329319567_6106677903870015217_n-235x300.jpg 235w, https:\/\/zjarr.tv\/wp-content\/uploads\/2022\/01\/271548318_326613329319567_6106677903870015217_n-330x420.jpg 330w, https:\/\/zjarr.tv\/wp-content\/uploads\/2022\/01\/271548318_326613329319567_6106677903870015217_n.jpg 671w\" sizes=\"auto, (max-width: 235px) 100vw, 235px\" \/><img loading=\"lazy\" decoding=\"async\" class=\"alignnone size-medium wp-image-229069\" src=\"https:\/\/zjarr.tv\/wp-content\/uploads\/2022\/01\/271587536_326614905986076_3531682695988168656_n-238x300.jpg\" alt=\"\" width=\"238\" height=\"300\" srcset=\"https:\/\/zjarr.tv\/wp-content\/uploads\/2022\/01\/271587536_326614905986076_3531682695988168656_n-238x300.jpg 238w, https:\/\/zjarr.tv\/wp-content\/uploads\/2022\/01\/271587536_326614905986076_3531682695988168656_n-333x420.jpg 333w, https:\/\/zjarr.tv\/wp-content\/uploads\/2022\/01\/271587536_326614905986076_3531682695988168656_n.jpg 677w\" sizes=\"auto, (max-width: 238px) 100vw, 238px\" \/><\/p>","protected":false},"excerpt":{"rendered":"<p>Dhoma Komb\u00ebtare e P\u00ebrmbaruesve Gjyq\u00ebsor\u00eb Privat\u00eb ka reaguar pas arrestimeve t\u00eb Prokuroris\u00eb s\u00eb Tiran\u00ebs p\u00ebr skandalin e rrjedhjes s\u00eb databaz\u00ebs me pagat e shqiptar\u00ebve, ku dy prej tyre rezultonin me kompani t\u00eb regjistruara n\u00eb Qendr\u00ebn Komb\u00ebtare t\u00eb Biznesit si \u201cp\u00ebrmbarues\u201d. Dhoma e P\u00ebrmbaruesve thot\u00eb se t\u00eb arrestuarit, Endri Ikonomi dhe Klodian Sota nuk jan\u00eb p\u00ebrmbarues [&hellip;]<\/p>\n","protected":false},"author":2030,"featured_media":229070,"comment_status":"closed","ping_status":"closed","sticky":false,"template":"","format":"standard","meta":{"footnotes":""},"categories":[241,5380,231],"tags":[],"class_list":{"0":"post-229067","1":"post","2":"type-post","3":"status-publish","4":"format-standard","5":"has-post-thumbnail","7":"category-aktualitet","8":"category-kryesore","9":"category-lajme"},"_links":{"self":[{"href":"https:\/\/zjarr.tv\/en\/wp-json\/wp\/v2\/posts\/229067","targetHints":{"allow":["GET"]}}],"collection":[{"href":"https:\/\/zjarr.tv\/en\/wp-json\/wp\/v2\/posts"}],"about":[{"href":"https:\/\/zjarr.tv\/en\/wp-json\/wp\/v2\/types\/post"}],"author":[{"embeddable":true,"href":"https:\/\/zjarr.tv\/en\/wp-json\/wp\/v2\/users\/2030"}],"replies":[{"embeddable":true,"href":"https:\/\/zjarr.tv\/en\/wp-json\/wp\/v2\/comments?post=229067"}],"version-history":[{"count":0,"href":"https:\/\/zjarr.tv\/en\/wp-json\/wp\/v2\/posts\/229067\/revisions"}],"wp:featuredmedia":[{"embeddable":true,"href":"https:\/\/zjarr.tv\/en\/wp-json\/wp\/v2\/media\/229070"}],"wp:attachment":[{"href":"https:\/\/zjarr.tv\/en\/wp-json\/wp\/v2\/media?parent=229067"}],"wp:term":[{"taxonomy":"category","embeddable":true,"href":"https:\/\/zjarr.tv\/en\/wp-json\/wp\/v2\/categories?post=229067"},{"taxonomy":"post_tag","embeddable":true,"href":"https:\/\/zjarr.tv\/en\/wp-json\/wp\/v2\/tags?post=229067"}],"curies":[{"name":"wp","href":"https:\/\/api.w.org\/{rel}","templated":true}]}}