{"id":229073,"date":"2022-01-07T17:50:13","date_gmt":"2022-01-07T16:50:13","guid":{"rendered":"https:\/\/zjarr.tv\/?p=229073"},"modified":"2022-01-07T17:50:13","modified_gmt":"2022-01-07T16:50:13","slug":"3-vjecari-nderroi-jete-ne-kopsht-tentoi-te-merrte-canten-dyshohet-se-vogelushi-u-mbyt-me-kapucin-e-xhupit-detajet","status":"publish","type":"post","link":"https:\/\/zjarr.tv\/en\/3-vjecari-nderroi-jete-ne-kopsht-tentoi-te-merrte-canten-dyshohet-se-vogelushi-u-mbyt-me-kapucin-e-xhupit-detajet\/","title":{"rendered":"3-vje\u00e7ari nd\u00ebrroi jet\u00eb n\u00eb kopsht\/ Tentoi t\u00eb merrte \u00e7ant\u00ebn, dyshohet se vog\u00eblushi u mbyt me kapu\u00e7in e xhupit (Detajet)"},"content":{"rendered":"<p>Policia ka zbuluar shkakun e vdekjes s\u00eb f\u00ebmij\u00ebs 3-vje\u00e7ar n\u00eb kopshtin \u201cFlatrat e Dijes\u201d k\u00ebt\u00eb t\u00eb premte n\u00eb Fier. Burime p\u00ebr mediet b\u00ebjn\u00eb me dije se 3-vje\u00e7ari ka qen\u00eb duke marr\u00eb \u00e7ant\u00ebn e tij, teksa kapu\u00e7i i xhupit ka kapur n\u00eb var\u00ebsen e rrobave dhe p\u00ebr pasoj\u00eb \u00ebsht\u00eb mbytur.<\/p>\n<p>Sipas informacioneve paraprake t\u00eb policis\u00eb, f\u00ebmija \u00ebsht\u00eb rr\u00ebzuar n\u00eb k\u00ebt\u00eb moment duke u mbytur prej xhupit. F\u00ebmija \u00ebsht\u00eb gjetur i shtrir\u00eb n\u00eb tok\u00eb nga edukatorja e cila ka lajm\u00ebruar menj\u00ebher\u00eb ambulanc\u00ebn, nd\u00ebrsa djali 3 vje\u00e7 ka mb\u00ebrritur n\u00eb spital pa shenja jete.<\/p>\n<p>Aktualisht edukatorja ndodhet n\u00eb polici, duke dh\u00ebn\u00eb d\u00ebshmin\u00eb e saj, nd\u00ebrkoh\u00eb familjar\u00ebt e 3-vje\u00e7arit k\u00ebrkojn\u00eb drejt\u00ebsi.<\/p>","protected":false},"excerpt":{"rendered":"<p>Policia ka zbuluar shkakun e vdekjes s\u00eb f\u00ebmij\u00ebs 3-vje\u00e7ar n\u00eb kopshtin \u201cFlatrat e Dijes\u201d k\u00ebt\u00eb t\u00eb premte n\u00eb Fier. Burime p\u00ebr mediet b\u00ebjn\u00eb me dije se 3-vje\u00e7ari ka qen\u00eb duke marr\u00eb \u00e7ant\u00ebn e tij, teksa kapu\u00e7i i xhupit ka kapur n\u00eb var\u00ebsen e rrobave dhe p\u00ebr pasoj\u00eb \u00ebsht\u00eb mbytur. Sipas informacioneve paraprake t\u00eb policis\u00eb, f\u00ebmija [&hellip;]<\/p>\n","protected":false},"author":2030,"featured_media":229055,"comment_status":"closed","ping_status":"closed","sticky":false,"template":"","format":"standard","meta":{"footnotes":""},"categories":[241,5380,231],"tags":[],"class_list":{"0":"post-229073","1":"post","2":"type-post","3":"status-publish","4":"format-standard","5":"has-post-thumbnail","7":"category-aktualitet","8":"category-kryesore","9":"category-lajme"},"_links":{"self":[{"href":"https:\/\/zjarr.tv\/en\/wp-json\/wp\/v2\/posts\/229073","targetHints":{"allow":["GET"]}}],"collection":[{"href":"https:\/\/zjarr.tv\/en\/wp-json\/wp\/v2\/posts"}],"about":[{"href":"https:\/\/zjarr.tv\/en\/wp-json\/wp\/v2\/types\/post"}],"author":[{"embeddable":true,"href":"https:\/\/zjarr.tv\/en\/wp-json\/wp\/v2\/users\/2030"}],"replies":[{"embeddable":true,"href":"https:\/\/zjarr.tv\/en\/wp-json\/wp\/v2\/comments?post=229073"}],"version-history":[{"count":0,"href":"https:\/\/zjarr.tv\/en\/wp-json\/wp\/v2\/posts\/229073\/revisions"}],"wp:featuredmedia":[{"embeddable":true,"href":"https:\/\/zjarr.tv\/en\/wp-json\/wp\/v2\/media\/229055"}],"wp:attachment":[{"href":"https:\/\/zjarr.tv\/en\/wp-json\/wp\/v2\/media?parent=229073"}],"wp:term":[{"taxonomy":"category","embeddable":true,"href":"https:\/\/zjarr.tv\/en\/wp-json\/wp\/v2\/categories?post=229073"},{"taxonomy":"post_tag","embeddable":true,"href":"https:\/\/zjarr.tv\/en\/wp-json\/wp\/v2\/tags?post=229073"}],"curies":[{"name":"wp","href":"https:\/\/api.w.org\/{rel}","templated":true}]}}