{"id":229112,"date":"2022-01-07T19:11:01","date_gmt":"2022-01-07T18:11:01","guid":{"rendered":"https:\/\/zjarr.tv\/?p=229112"},"modified":"2022-01-07T19:11:01","modified_gmt":"2022-01-07T18:11:01","slug":"neser-mund-te-eliminohet-nje-deputet-aldo-bumci-i-pergjigjet-brahos-nga-ne-nuk-do-te-kete-dhune-basha-po-te-doje","status":"publish","type":"post","link":"https:\/\/zjarr.tv\/en\/neser-mund-te-eliminohet-nje-deputet-aldo-bumci-i-pergjigjet-brahos-nga-ne-nuk-do-te-kete-dhune-basha-po-te-doje\/","title":{"rendered":"\u201cNes\u00ebr mund t\u00eb eliminohet nj\u00eb deputet\u201d, Aldo Bum\u00e7i i p\u00ebrgjigjet Brahos: Nga ne nuk do t\u00eb ket\u00eb dhun\u00eb, Basha po t\u00eb doj\u00eb \u2026"},"content":{"rendered":"<p>Ish-deputeti Aldo Bum\u00e7i ka reaguar ndaj deklarat\u00ebs s\u00eb Spartak Brahos se nes\u00ebr do t\u00eb ket\u00eb dhun\u00eb dhe madje dhe rrezikohet jeta e nj\u00eb deputeti.<\/p>\n<p>Ai hodhi n\u00eb m\u00ebnyr\u00eb kategorike se do t\u00eb ket\u00eb dhun\u00eb nes\u00ebr dhe se ftoj demokrat\u00ebt q\u00eb t\u00eb jen\u00eb pjes\u00eb e protest\u00ebs s\u00eb nes\u00ebrme dhe t\u00eb jen\u00eb sa m\u00eb paq\u00ebsore.<\/p>\n<p>\u201cNe shkojm\u00eb n\u00eb sht\u00ebpin\u00eb ton\u00eb nuk do t\u00eb ket\u00eb dhun\u00eb, asnj\u00ebher\u00eb. T\u00eb jemi t\u00eb vet\u00ebp\u00ebrmbajtur, gjakftoht\u00eb dhe t\u00eb mos ket\u00eb dhun\u00eb.. Hapja e der\u00ebs nuk \u00ebsht\u00eb dhun\u00eb dhe k\u00ebrkoj q\u00eb t\u00eb zbatohet vendimi i dat\u00ebs 18 dhjetor, e t\u00eb gjith\u00eb demokrat\u00ebt t\u00eb shkojn\u00eb n\u00eb sht\u00ebpin\u00eb e tyre. Kur nj\u00eb pakic\u00eb merr shumic\u00ebn merr fund demokracia, vdes shpresa n\u00eb k\u00ebt\u00eb vend. Basha e mban partin\u00eb me dun\u00eb e dyer t\u00eb blinduara, \u00e7far\u00eb partie \u00ebsht\u00eb kjo me dyer t\u00eb blinduara. Nj\u00eb opozit\u00eb e ky\u00e7ur nuk i sh\u00ebrben askujt, duhet t\u00eb jet\u00eb opozita pa dyer n\u00eb figurative, q\u00eb t\u2019u sh\u00ebrbej\u00eb njer\u00ebzve dhe t\u00eb krijoj\u00eb koalicion t\u00eb gjer\u00eb me qytetar\u00ebt\u201d, tha Bum\u00e7i ne Zona Zero.<\/p>\n<p>Nd\u00ebrsa theksoi se nes\u00ebr n\u00eb protest\u00eb \u00ebsht\u00eb vendosur q\u00eb t\u00eb hapen dyert e blinduara, por p\u00ebr k\u00ebt\u00eb nuk ka ndonj\u00eb informacion, pasi nuk \u00ebsht\u00eb ekspert.<\/p>\n<p>\u201cProtesta nis n\u00eb or\u00ebn 12:00 \u00ebsht\u00eb vendosm\u00ebrisht paq\u00ebsore, kur ne jemi t\u00eb vendosur p\u00ebr t\u00eb zbatuar parimin se nj\u00eb seli nuk mund t\u00eb jet\u00eb e mbyllur, p\u00ebr ta kthyer at\u00eb n\u00eb sht\u00ebpi t\u00eb madhe. Hapja e dyerve \u00ebsht\u00eb nj\u00eb \u00e7\u00ebshtje teknike, q\u00eb un\u00eb s\u2019jam ekspert. Nga ne nuk do t\u00eb ket\u00eb dhun\u00eb. Qoft\u00eb ky \u00ebsht\u00eb skenar i shumic\u00ebs, do t\u00eb krijoj\u00eb, q\u00eb ka interes p\u00ebr nj\u00eb opozit\u00eb n\u00eb kriz\u00eb, por besoj se do t\u00eb ti kthehej Edi Ram\u00ebs. Ne jemi shumica nuk ka njeri q\u00eb nuk e di, jemi t\u00eb gatsh\u00ebm p\u00ebr \u00e7do moment e do t\u00eb kemi zgjedhje p\u00ebr tre muaj, biem dakord me Bash\u00ebn p\u00ebr nj\u00eb dat\u00ebn e zgjedhjes edhe m\u00eb shpejt n\u00eb do\u201d, tha Bum\u00e7i.<\/p>","protected":false},"excerpt":{"rendered":"<p>Ish-deputeti Aldo Bum\u00e7i ka reaguar ndaj deklarat\u00ebs s\u00eb Spartak Brahos se nes\u00ebr do t\u00eb ket\u00eb dhun\u00eb dhe madje dhe rrezikohet jeta e nj\u00eb deputeti. Ai hodhi n\u00eb m\u00ebnyr\u00eb kategorike se do t\u00eb ket\u00eb dhun\u00eb nes\u00ebr dhe se ftoj demokrat\u00ebt q\u00eb t\u00eb jen\u00eb pjes\u00eb e protest\u00ebs s\u00eb nes\u00ebrme dhe t\u00eb jen\u00eb sa m\u00eb paq\u00ebsore. \u201cNe shkojm\u00eb [&hellip;]<\/p>\n","protected":false},"author":2030,"featured_media":229113,"comment_status":"closed","ping_status":"closed","sticky":false,"template":"","format":"standard","meta":{"footnotes":""},"categories":[241,3366,5380,231,1454],"tags":[],"class_list":{"0":"post-229112","1":"post","2":"type-post","3":"status-publish","4":"format-standard","5":"has-post-thumbnail","7":"category-aktualitet","8":"category-koment","9":"category-kryesore","10":"category-lajme","11":"category-politike"},"_links":{"self":[{"href":"https:\/\/zjarr.tv\/en\/wp-json\/wp\/v2\/posts\/229112","targetHints":{"allow":["GET"]}}],"collection":[{"href":"https:\/\/zjarr.tv\/en\/wp-json\/wp\/v2\/posts"}],"about":[{"href":"https:\/\/zjarr.tv\/en\/wp-json\/wp\/v2\/types\/post"}],"author":[{"embeddable":true,"href":"https:\/\/zjarr.tv\/en\/wp-json\/wp\/v2\/users\/2030"}],"replies":[{"embeddable":true,"href":"https:\/\/zjarr.tv\/en\/wp-json\/wp\/v2\/comments?post=229112"}],"version-history":[{"count":0,"href":"https:\/\/zjarr.tv\/en\/wp-json\/wp\/v2\/posts\/229112\/revisions"}],"wp:featuredmedia":[{"embeddable":true,"href":"https:\/\/zjarr.tv\/en\/wp-json\/wp\/v2\/media\/229113"}],"wp:attachment":[{"href":"https:\/\/zjarr.tv\/en\/wp-json\/wp\/v2\/media?parent=229112"}],"wp:term":[{"taxonomy":"category","embeddable":true,"href":"https:\/\/zjarr.tv\/en\/wp-json\/wp\/v2\/categories?post=229112"},{"taxonomy":"post_tag","embeddable":true,"href":"https:\/\/zjarr.tv\/en\/wp-json\/wp\/v2\/tags?post=229112"}],"curies":[{"name":"wp","href":"https:\/\/api.w.org\/{rel}","templated":true}]}}