{"id":229126,"date":"2022-01-07T20:28:33","date_gmt":"2022-01-07T19:28:33","guid":{"rendered":"https:\/\/zjarr.tv\/?p=229126"},"modified":"2022-01-07T20:28:33","modified_gmt":"2022-01-07T19:28:33","slug":"pas-pd-se-blindohet-edhe-kryeministria-dera-hyrese-e-nderteses-mbulohet-me-pllaka-metalike","status":"publish","type":"post","link":"https:\/\/zjarr.tv\/en\/pas-pd-se-blindohet-edhe-kryeministria-dera-hyrese-e-nderteses-mbulohet-me-pllaka-metalike\/","title":{"rendered":"Pas PD-s\u00eb BLINDOHET edhe Kryeministria, dera hyr\u00ebse e nd\u00ebrtes\u00ebs mbulohet me pllaka metalike"},"content":{"rendered":"<p>Informacionet se protestuesit demokrat\u00eb mund t\u00eb zhvendosen nga selia e PD-s\u00eb drejt kryeministris\u00eb, ka b\u00ebr\u00eb q\u00eb t\u00eb merren masa nga ana e kryeministrit Rama.<\/p>\n<p>Dera kryesore e godin\u00ebs s\u00eb Kryeministris\u00eb \u00ebhst\u00eb mbuluar me pllaka metalike, p\u00ebr t\u00eb mos lejuar protestuesit t\u00eb futen brenda.<\/p>\n<p>Si\u00e7 shihet edhe n\u00eb foto, dera kryesore \u00ebhst\u00eb mbyllur plot\u00ebsisht. Blindimi i der\u00ebs s\u00eb kryeministris\u00eb vjen pas asaj t\u00eb selis\u00eb s\u00eb Partis\u00eb Demokratike, ku prej disa dit\u00ebsh deputet\u00ebt q\u00eb mb\u00ebshtesin Berish\u00ebn nuk lejohet t\u00eb futen n\u00eb seli.<\/p>","protected":false},"excerpt":{"rendered":"<p>Informacionet se protestuesit demokrat\u00eb mund t\u00eb zhvendosen nga selia e PD-s\u00eb drejt kryeministris\u00eb, ka b\u00ebr\u00eb q\u00eb t\u00eb merren masa nga ana e kryeministrit Rama. Dera kryesore e godin\u00ebs s\u00eb Kryeministris\u00eb \u00ebhst\u00eb mbuluar me pllaka metalike, p\u00ebr t\u00eb mos lejuar protestuesit t\u00eb futen brenda. Si\u00e7 shihet edhe n\u00eb foto, dera kryesore \u00ebhst\u00eb mbyllur plot\u00ebsisht. Blindimi i [&hellip;]<\/p>\n","protected":false},"author":2031,"featured_media":229127,"comment_status":"closed","ping_status":"closed","sticky":false,"template":"","format":"standard","meta":{"footnotes":""},"categories":[231],"tags":[],"class_list":{"0":"post-229126","1":"post","2":"type-post","3":"status-publish","4":"format-standard","5":"has-post-thumbnail","7":"category-lajme"},"_links":{"self":[{"href":"https:\/\/zjarr.tv\/en\/wp-json\/wp\/v2\/posts\/229126","targetHints":{"allow":["GET"]}}],"collection":[{"href":"https:\/\/zjarr.tv\/en\/wp-json\/wp\/v2\/posts"}],"about":[{"href":"https:\/\/zjarr.tv\/en\/wp-json\/wp\/v2\/types\/post"}],"author":[{"embeddable":true,"href":"https:\/\/zjarr.tv\/en\/wp-json\/wp\/v2\/users\/2031"}],"replies":[{"embeddable":true,"href":"https:\/\/zjarr.tv\/en\/wp-json\/wp\/v2\/comments?post=229126"}],"version-history":[{"count":0,"href":"https:\/\/zjarr.tv\/en\/wp-json\/wp\/v2\/posts\/229126\/revisions"}],"wp:featuredmedia":[{"embeddable":true,"href":"https:\/\/zjarr.tv\/en\/wp-json\/wp\/v2\/media\/229127"}],"wp:attachment":[{"href":"https:\/\/zjarr.tv\/en\/wp-json\/wp\/v2\/media?parent=229126"}],"wp:term":[{"taxonomy":"category","embeddable":true,"href":"https:\/\/zjarr.tv\/en\/wp-json\/wp\/v2\/categories?post=229126"},{"taxonomy":"post_tag","embeddable":true,"href":"https:\/\/zjarr.tv\/en\/wp-json\/wp\/v2\/tags?post=229126"}],"curies":[{"name":"wp","href":"https:\/\/api.w.org\/{rel}","templated":true}]}}