{"id":229144,"date":"2022-01-07T21:17:22","date_gmt":"2022-01-07T20:17:22","guid":{"rendered":"https:\/\/zjarr.tv\/?p=229144"},"modified":"2022-01-07T21:17:22","modified_gmt":"2022-01-07T20:17:22","slug":"nje-dite-para-protestes-vjen-doreheqja-e-pare-nga-selia-e-pd","status":"publish","type":"post","link":"https:\/\/zjarr.tv\/en\/nje-dite-para-protestes-vjen-doreheqja-e-pare-nga-selia-e-pd\/","title":{"rendered":"Nj\u00eb dit\u00eb para protest\u00ebs, vjen dor\u00ebheqja e par\u00eb nga selia e PD"},"content":{"rendered":"<p>Roja i brendsh\u00ebm i selis\u00eb s\u00eb Partis\u00eb Demokratike, P\u00ebllumb Matraku, ka dh\u00ebn\u00eb dor\u00ebheqjen nga vendi i pun\u00ebs q\u00eb ka mbajtur p\u00ebr 24 vite.<\/p>\n<p>Ai e ka lajm\u00ebruar dor\u00ebheqjen n\u00eb nj\u00eb postim n\u00eb rrjetet sociale, teksa shprehet se u largua p\u00ebr shkak t\u00eb asaj q\u00eb po ndodh n\u00eb PD, nd\u00ebrsa u k\u00ebrkon demokrat\u00ebve t\u00eb gjejn\u00eb gjuh\u00ebn e p\u00ebrbashk\u00ebt.<\/p>\n<p>\u201cKam punuar 24 vite n\u00eb PD. Jam shum\u00eb krenar q\u00eb kam punuar me profesor doktor Sali Berish\u00ebn. N\u00eb 2 legjislaturat e fundit kam punuar me Lulzim Bash\u00ebn, i jam shum\u00eb mir\u00ebnjoh\u00ebs. <\/p>\n<p>Sot (t\u00eb m\u00ebrkur\u00ebn) b\u00ebra nj\u00eb largim para kohe sepse nuk m\u00eb p\u00eblqejn\u00eb disa reagime mes demokrat\u00ebsh. B\u00ebni mir\u00eb t\u00eb gjeni gjuh\u00ebn, mos i b\u00ebni qejfin t\u00eb tjer\u00ebve\u201d, shkruan Matraku n\u00eb \u201cFacebook\u201d.<\/p>","protected":false},"excerpt":{"rendered":"<p>Roja i brendsh\u00ebm i selis\u00eb s\u00eb Partis\u00eb Demokratike, P\u00ebllumb Matraku, ka dh\u00ebn\u00eb dor\u00ebheqjen nga vendi i pun\u00ebs q\u00eb ka mbajtur p\u00ebr 24 vite. Ai e ka lajm\u00ebruar dor\u00ebheqjen n\u00eb nj\u00eb postim n\u00eb rrjetet sociale, teksa shprehet se u largua p\u00ebr shkak t\u00eb asaj q\u00eb po ndodh n\u00eb PD, nd\u00ebrsa u k\u00ebrkon demokrat\u00ebve t\u00eb gjejn\u00eb gjuh\u00ebn [&hellip;]<\/p>\n","protected":false},"author":2031,"featured_media":160172,"comment_status":"closed","ping_status":"closed","sticky":false,"template":"","format":"standard","meta":{"footnotes":""},"categories":[231],"tags":[],"class_list":{"0":"post-229144","1":"post","2":"type-post","3":"status-publish","4":"format-standard","5":"has-post-thumbnail","7":"category-lajme"},"_links":{"self":[{"href":"https:\/\/zjarr.tv\/en\/wp-json\/wp\/v2\/posts\/229144","targetHints":{"allow":["GET"]}}],"collection":[{"href":"https:\/\/zjarr.tv\/en\/wp-json\/wp\/v2\/posts"}],"about":[{"href":"https:\/\/zjarr.tv\/en\/wp-json\/wp\/v2\/types\/post"}],"author":[{"embeddable":true,"href":"https:\/\/zjarr.tv\/en\/wp-json\/wp\/v2\/users\/2031"}],"replies":[{"embeddable":true,"href":"https:\/\/zjarr.tv\/en\/wp-json\/wp\/v2\/comments?post=229144"}],"version-history":[{"count":0,"href":"https:\/\/zjarr.tv\/en\/wp-json\/wp\/v2\/posts\/229144\/revisions"}],"wp:featuredmedia":[{"embeddable":true,"href":"https:\/\/zjarr.tv\/en\/wp-json\/wp\/v2\/media\/160172"}],"wp:attachment":[{"href":"https:\/\/zjarr.tv\/en\/wp-json\/wp\/v2\/media?parent=229144"}],"wp:term":[{"taxonomy":"category","embeddable":true,"href":"https:\/\/zjarr.tv\/en\/wp-json\/wp\/v2\/categories?post=229144"},{"taxonomy":"post_tag","embeddable":true,"href":"https:\/\/zjarr.tv\/en\/wp-json\/wp\/v2\/tags?post=229144"}],"curies":[{"name":"wp","href":"https:\/\/api.w.org\/{rel}","templated":true}]}}