{"id":229152,"date":"2022-01-07T21:41:38","date_gmt":"2022-01-07T20:41:38","guid":{"rendered":"https:\/\/zjarr.tv\/?p=229152"},"modified":"2022-01-07T21:41:38","modified_gmt":"2022-01-07T20:41:38","slug":"berisha-siguron-protesta-neser-paqesore-nuk-pranojme-asnje-akt-dhune-sdo-preket-askush","status":"publish","type":"post","link":"https:\/\/zjarr.tv\/en\/berisha-siguron-protesta-neser-paqesore-nuk-pranojme-asnje-akt-dhune-sdo-preket-askush\/","title":{"rendered":"Berisha siguron: Protesta nes\u00ebr paq\u00ebsore! Nuk pranojm\u00eb asnj\u00eb akt dhune. S\u2019do preket askush"},"content":{"rendered":"<p>Lideri historik i PD, Sali Berisha garanton se nuk do t\u00eb ket\u00eb dhun\u00eb n\u00eb protest\u00ebn e nes\u00ebrme te Partia Demokratike.<\/p>\n<p>Berisha tha se dyert e hekurta do t\u00eb hapen me pajisje t\u00eb posa\u00e7me, nd\u00ebrsa deklaroi se nuk do t\u00eb preket askush nga personat q\u00eb ndodhet brenda selis\u00eb s\u00eb PD.<\/p>\n<p>\u201cProtest\u00eb e fuqishme paq\u00ebsore. N\u00eb m\u00ebnyr\u00eb kategorike nuk pranojm\u00eb asnj\u00eb akt dhune. N\u00ebse tjetri mbyll der\u00ebn e sht\u00ebpis\u00eb, \u00e7far\u00eb m\u00eb mbetet mua? T\u00eb shtyj der\u00ebn. Un\u00eb po shkoj t\u00eb hap dyert e sht\u00ebpis\u00eb time dhe po shkoj n\u00eb m\u00ebnyr\u00eb paq\u00ebsore. Do p\u00ebrdoren mjete q\u00eb hapin deyrt e hekurta. Ajo nuk \u00ebsht\u00eb dhun\u00eb, por hapje n\u00eb moral dhe n\u00eb ligj e der\u00ebs s\u00eb sht\u00ebpis\u00eb t\u00ebnde. Asnj\u00eb qime floku nuk do t\u2019i preket kujt. <\/p>\n<p>Nuk shkojm\u00eb ne t\u00eb c\u00ebnojm\u00eb njeri aty. Ai \u00ebsht\u00eb shkarkuar dhe po p\u00ebrdor milionat e pla\u00e7kitura p\u00ebr karrigen e tij. Ai po e mban me dhun\u00eb selin\u00eb, po e mban me banda, me mercenar\u00eb. Ata kan\u00eb k\u00ebrc\u00ebnuar, z\u00ebdh\u00ebn\u00ebsit m\u00eb t\u00eb af\u00ebrt t\u00eb tij, se do t\u00eb ket\u00eb viktima. K\u00ebto fjal\u00eb s\u2019i keni d\u00ebgjuar nga ne. Kan\u00eb th\u00ebn\u00eb se pa gjak nuk e l\u00ebshojm\u00eb. Ne shkojm\u00eb paq\u00ebsisht. Dyert do t\u2019i hapim. Po i hapi Lulzim Basha, nuk p\u00ebrdorim asnj\u00eb mjet. Ne nuk dhunojm\u00eb kurr\u00eb asnj\u00eb punonj\u00ebs, \u00ebsht\u00eb sht\u00ebpia jon\u00eb, jan\u00eb punonj\u00ebs t\u00eb PD ata\u201d, u shpreh Berisha.<\/p>\n<p>Berisha sqaroi edhe rolin e Gjykat\u00ebs:<\/p>\n<p>\u201cNe jemi bashk\u00eb n\u00eb gar\u00eb, num\u00ebrojm\u00eb votat, kontestojm\u00eb dhe shkojm\u00eb n\u00eb gjykat\u00eb p\u00ebr kontestimin q\u00eb kemi p\u00ebr votat. Gjykata ka rol vet\u00ebm n\u00eb nj\u00eb moment, ky statut q\u00eb vjen \u00ebsht\u00eb apo jo n\u00eb p\u00ebrputhje me Kushtetut\u00ebn\u201d. <\/p>","protected":false},"excerpt":{"rendered":"<p>Lideri historik i PD, Sali Berisha garanton se nuk do t\u00eb ket\u00eb dhun\u00eb n\u00eb protest\u00ebn e nes\u00ebrme te Partia Demokratike. Berisha tha se dyert e hekurta do t\u00eb hapen me pajisje t\u00eb posa\u00e7me, nd\u00ebrsa deklaroi se nuk do t\u00eb preket askush nga personat q\u00eb ndodhet brenda selis\u00eb s\u00eb PD. \u201cProtest\u00eb e fuqishme paq\u00ebsore. N\u00eb m\u00ebnyr\u00eb [&hellip;]<\/p>\n","protected":false},"author":2031,"featured_media":229153,"comment_status":"closed","ping_status":"closed","sticky":false,"template":"","format":"standard","meta":{"footnotes":""},"categories":[231],"tags":[],"class_list":{"0":"post-229152","1":"post","2":"type-post","3":"status-publish","4":"format-standard","5":"has-post-thumbnail","7":"category-lajme"},"_links":{"self":[{"href":"https:\/\/zjarr.tv\/en\/wp-json\/wp\/v2\/posts\/229152","targetHints":{"allow":["GET"]}}],"collection":[{"href":"https:\/\/zjarr.tv\/en\/wp-json\/wp\/v2\/posts"}],"about":[{"href":"https:\/\/zjarr.tv\/en\/wp-json\/wp\/v2\/types\/post"}],"author":[{"embeddable":true,"href":"https:\/\/zjarr.tv\/en\/wp-json\/wp\/v2\/users\/2031"}],"replies":[{"embeddable":true,"href":"https:\/\/zjarr.tv\/en\/wp-json\/wp\/v2\/comments?post=229152"}],"version-history":[{"count":0,"href":"https:\/\/zjarr.tv\/en\/wp-json\/wp\/v2\/posts\/229152\/revisions"}],"wp:featuredmedia":[{"embeddable":true,"href":"https:\/\/zjarr.tv\/en\/wp-json\/wp\/v2\/media\/229153"}],"wp:attachment":[{"href":"https:\/\/zjarr.tv\/en\/wp-json\/wp\/v2\/media?parent=229152"}],"wp:term":[{"taxonomy":"category","embeddable":true,"href":"https:\/\/zjarr.tv\/en\/wp-json\/wp\/v2\/categories?post=229152"},{"taxonomy":"post_tag","embeddable":true,"href":"https:\/\/zjarr.tv\/en\/wp-json\/wp\/v2\/tags?post=229152"}],"curies":[{"name":"wp","href":"https:\/\/api.w.org\/{rel}","templated":true}]}}