{"id":229161,"date":"2022-01-07T23:34:29","date_gmt":"2022-01-07T22:34:29","guid":{"rendered":"https:\/\/zjarr.tv\/?p=229161"},"modified":"2022-01-07T23:34:29","modified_gmt":"2022-01-07T22:34:29","slug":"selami-jenishehri-tregon-biseden-mes-edi-rames-dhe-angela-merkel-kancelarja-u-habit-per-rorgen-e-ulet-te-deputeteve-ne-shqiperi","status":"publish","type":"post","link":"https:\/\/zjarr.tv\/en\/selami-jenishehri-tregon-biseden-mes-edi-rames-dhe-angela-merkel-kancelarja-u-habit-per-rorgen-e-ulet-te-deputeteve-ne-shqiperi\/","title":{"rendered":"Selami Jenishehri tregon bised\u00ebn mes Edi Ram\u00ebs dhe Angela Merkel: Kancelarja u habit p\u00ebr rorg\u00ebn e ul\u00ebt t\u00eb deputet\u00ebve n\u00eb Shqip\u00ebri"},"content":{"rendered":"<p>Ish-deputeti Selami Jenishehri ka treguar nj\u00eb bised\u00eb mes kryeministrit Edi Rama dhe ish-kancelares gjermane Angela Merkel.<\/p>\n<p>Sipas tij, Merkel e ka pyetur Ram\u00ebn p\u00ebr rrog\u00ebn e deputet\u00ebve dhe \u00ebsht\u00eb habitur kur ka d\u00ebgjuar se rroga e nj\u00eb deputeti \u00ebsht\u00eb vet\u00ebm sa dyfishi i rrog\u00ebs s\u00eb nj\u00eb m\u00ebsuesi. Sipas tij, Merkel u befasua nga rroga e ul\u00ebt e deputet\u00ebve n\u00eb Shqip\u00ebri.<\/p>\n<p>\u201cDuke biseduar bahsk\u00eb me deputetin Taulant Balla, m\u00eb thot\u00eb ai q\u00eb Angela Merkel e ka pyetur Edi Ram\u00ebn \u201csa \u00ebsht\u00eb paga e nj\u00eb deputeti\u201d, n\u00eb lidhje me rrog\u00ebn e nj\u00eb m\u00ebsuesi. Deputeti merr 1 milion e 170 mij\u00eb lek\u00eb, nd\u00ebrsa nj\u00eb m\u00ebsues 500-600 mij\u00eb lek\u00eb. <\/p>\n<p>\u00c7far\u00eb, i thot\u00eb ajo, nj\u00eb deputet merr dyfishin e nj\u00eb m\u00ebsuesi, dhe ti do nj\u00eb shtet t\u00eb pakorruptuar? Merkel u \u00e7udit. Si mund t\u2019i paguash kaq pak deputet\u00ebt i tha\u201d, tregoi Jenishehri.<\/p>","protected":false},"excerpt":{"rendered":"<p>Ish-deputeti Selami Jenishehri ka treguar nj\u00eb bised\u00eb mes kryeministrit Edi Rama dhe ish-kancelares gjermane Angela Merkel. Sipas tij, Merkel e ka pyetur Ram\u00ebn p\u00ebr rrog\u00ebn e deputet\u00ebve dhe \u00ebsht\u00eb habitur kur ka d\u00ebgjuar se rroga e nj\u00eb deputeti \u00ebsht\u00eb vet\u00ebm sa dyfishi i rrog\u00ebs s\u00eb nj\u00eb m\u00ebsuesi. Sipas tij, Merkel u befasua nga rroga e [&hellip;]<\/p>\n","protected":false},"author":2031,"featured_media":164095,"comment_status":"closed","ping_status":"closed","sticky":false,"template":"","format":"standard","meta":{"footnotes":""},"categories":[231],"tags":[],"class_list":{"0":"post-229161","1":"post","2":"type-post","3":"status-publish","4":"format-standard","5":"has-post-thumbnail","7":"category-lajme"},"_links":{"self":[{"href":"https:\/\/zjarr.tv\/en\/wp-json\/wp\/v2\/posts\/229161","targetHints":{"allow":["GET"]}}],"collection":[{"href":"https:\/\/zjarr.tv\/en\/wp-json\/wp\/v2\/posts"}],"about":[{"href":"https:\/\/zjarr.tv\/en\/wp-json\/wp\/v2\/types\/post"}],"author":[{"embeddable":true,"href":"https:\/\/zjarr.tv\/en\/wp-json\/wp\/v2\/users\/2031"}],"replies":[{"embeddable":true,"href":"https:\/\/zjarr.tv\/en\/wp-json\/wp\/v2\/comments?post=229161"}],"version-history":[{"count":0,"href":"https:\/\/zjarr.tv\/en\/wp-json\/wp\/v2\/posts\/229161\/revisions"}],"wp:featuredmedia":[{"embeddable":true,"href":"https:\/\/zjarr.tv\/en\/wp-json\/wp\/v2\/media\/164095"}],"wp:attachment":[{"href":"https:\/\/zjarr.tv\/en\/wp-json\/wp\/v2\/media?parent=229161"}],"wp:term":[{"taxonomy":"category","embeddable":true,"href":"https:\/\/zjarr.tv\/en\/wp-json\/wp\/v2\/categories?post=229161"},{"taxonomy":"post_tag","embeddable":true,"href":"https:\/\/zjarr.tv\/en\/wp-json\/wp\/v2\/tags?post=229161"}],"curies":[{"name":"wp","href":"https:\/\/api.w.org\/{rel}","templated":true}]}}