{"id":229164,"date":"2022-01-08T09:19:48","date_gmt":"2022-01-08T08:19:48","guid":{"rendered":"https:\/\/zjarr.tv\/?p=229164"},"modified":"2022-01-08T09:19:48","modified_gmt":"2022-01-08T08:19:48","slug":"lulzim-basha-mberrin-ne-seli-ne-pike-te-mengjesit-batuta-me-gazetarin-paske-ardhur-heret-vallen-e-osman-takes-do-ta-kercejme-me-vone","status":"publish","type":"post","link":"https:\/\/zjarr.tv\/en\/lulzim-basha-mberrin-ne-seli-ne-pike-te-mengjesit-batuta-me-gazetarin-paske-ardhur-heret-vallen-e-osman-takes-do-ta-kercejme-me-vone\/","title":{"rendered":"Lulzim Basha mb\u00ebrrin n\u00eb seli \u201cn\u00eb pik\u00eb t\u00eb m\u00ebngjesit\u201d, batuta me gazetarin: Paske ardhur her\u00ebt, vallen e Osman Tak\u00ebs do ta k\u00ebrcejm\u00eb me von\u00eb"},"content":{"rendered":"<p>Kreu i PD Lulzim Basha ka mb\u00ebrritur m\u00ebngjesin e k\u00ebsaj t\u00eb shtune n\u00eb seli. Ndryshe nga her\u00ebt e tjera, kryedemokrati ka mb\u00ebrritur her\u00ebt sot, edhe pse pritet t\u00eb jet\u00eb nj\u00eb dit\u00eb e gjat\u00eb dhe me zhvillime t\u00eb r\u00ebnd\u00ebsishme p\u00ebr demorkat\u00ebt.<\/p>\n<p>Pavar\u00ebsisht protest\u00ebs q\u00eb do t\u00eb mbahet para godin\u00ebs s\u00eb PD, Basha ka th\u00ebn\u00eb se do jet\u00eb n\u00eb zyr\u00eb dhe madje ka thirrur dhe mbledhje n\u00eb or\u00ebn 12.00, orar kur do zhvillohet dhe tubimi i thirrur nga ish-kryeministri Berisha.<\/p>\n<p>Edhe pse situata n\u00eb PD \u00ebsht\u00eb e paprecedent\u00eb, Basha nuk i ka kursyer batutat me gazetarin Osman Stafa q\u00eb ndodhej n\u00eb seli edhe pak m\u00eb her\u00ebt se vet\u00eb kryetari. Pasi e p\u00ebrsh\u00ebndeti me dy gishta, Basha i tha se se k\u00ebng\u00ebn e Osman Tak\u00ebs do e k\u00ebrcejn\u00eb m\u00eb von\u00eb.<\/p>\n<p>\u201cMir\u00ebm\u00ebngjesi, qenke zgjuar her\u00ebt shum\u00eb. Bravo t\u00eb qoft\u00eb. Ndryshe nga vallja e Osman Tak\u00ebs. Do e k\u00ebrcejm\u00eb m\u00eb vone at\u00eb, pa merak\u201d, i tha Basha gazetarit Stafa.<\/p>\n<p>Lulzim Basha do t\u00eb mbledh\u00eb n\u00eb selin\u00eb e PD Kolegjin e Kryetar\u00ebve, ku do t\u00eb diskutohet mbi zbatimin e vendimeve t\u00eb dala nga Kuvendi Komb\u00ebtar i 18 dhjetorit. M\u00eb pas, kryetari do t\u00eb mbledh\u00eb edhe Kryesin\u00eb p\u00ebr t\u00eb miratuar programin e diskutuar nga Kolegji.<\/p>\n<p>\u201cT\u00eb nderuar Kryetar\u00eb, T\u00eb shtun\u00ebn, dat\u00eb 8 Janar, ora 11:00 do t\u00eb zhvillohet mbledhja e Kolegjit t\u00eb Kryetar\u00ebve t\u00eb PD p\u00ebr diskutimin mbi kalendarin dhe masat p\u00ebr organizimin e partis\u00eb n\u00eb zbatim t\u00eb vendimit t\u00eb Kuvendit Kombetar t\u00eb dat\u00ebs 18 Dhjetor \u201cP\u00ebr miratimin e programit organizativ t\u00eb Partis\u00eb Demokratike\u201d. N\u00eb mbledhje merr pjese edhe Sekretariati i Partis\u00eb. Programi i diskutuar dhe miratuar nga Kolegji i Kryetar\u00ebve, do ti n\u00ebnshtrohet m\u00eb pas miratimit nga Kryesia e Partis\u00eb, e cila do t\u00eb mblidhet po at\u00eb dit\u00eb\u201d, thuhet n\u00eb mesazhin e d\u00ebrguar nga Gazment Bardhi.<\/p>","protected":false},"excerpt":{"rendered":"<p>Kreu i PD Lulzim Basha ka mb\u00ebrritur m\u00ebngjesin e k\u00ebsaj t\u00eb shtune n\u00eb seli. Ndryshe nga her\u00ebt e tjera, kryedemokrati ka mb\u00ebrritur her\u00ebt sot, edhe pse pritet t\u00eb jet\u00eb nj\u00eb dit\u00eb e gjat\u00eb dhe me zhvillime t\u00eb r\u00ebnd\u00ebsishme p\u00ebr demorkat\u00ebt. Pavar\u00ebsisht protest\u00ebs q\u00eb do t\u00eb mbahet para godin\u00ebs s\u00eb PD, Basha ka th\u00ebn\u00eb se do [&hellip;]<\/p>\n","protected":false},"author":2031,"featured_media":229165,"comment_status":"closed","ping_status":"closed","sticky":false,"template":"","format":"standard","meta":{"footnotes":""},"categories":[231],"tags":[],"class_list":{"0":"post-229164","1":"post","2":"type-post","3":"status-publish","4":"format-standard","5":"has-post-thumbnail","7":"category-lajme"},"_links":{"self":[{"href":"https:\/\/zjarr.tv\/en\/wp-json\/wp\/v2\/posts\/229164","targetHints":{"allow":["GET"]}}],"collection":[{"href":"https:\/\/zjarr.tv\/en\/wp-json\/wp\/v2\/posts"}],"about":[{"href":"https:\/\/zjarr.tv\/en\/wp-json\/wp\/v2\/types\/post"}],"author":[{"embeddable":true,"href":"https:\/\/zjarr.tv\/en\/wp-json\/wp\/v2\/users\/2031"}],"replies":[{"embeddable":true,"href":"https:\/\/zjarr.tv\/en\/wp-json\/wp\/v2\/comments?post=229164"}],"version-history":[{"count":0,"href":"https:\/\/zjarr.tv\/en\/wp-json\/wp\/v2\/posts\/229164\/revisions"}],"wp:featuredmedia":[{"embeddable":true,"href":"https:\/\/zjarr.tv\/en\/wp-json\/wp\/v2\/media\/229165"}],"wp:attachment":[{"href":"https:\/\/zjarr.tv\/en\/wp-json\/wp\/v2\/media?parent=229164"}],"wp:term":[{"taxonomy":"category","embeddable":true,"href":"https:\/\/zjarr.tv\/en\/wp-json\/wp\/v2\/categories?post=229164"},{"taxonomy":"post_tag","embeddable":true,"href":"https:\/\/zjarr.tv\/en\/wp-json\/wp\/v2\/tags?post=229164"}],"curies":[{"name":"wp","href":"https:\/\/api.w.org\/{rel}","templated":true}]}}