{"id":229169,"date":"2022-01-08T09:53:15","date_gmt":"2022-01-08T08:53:15","guid":{"rendered":"https:\/\/zjarr.tv\/?p=229169"},"modified":"2022-01-08T09:53:15","modified_gmt":"2022-01-08T08:53:15","slug":"enkelejd-alibeaj-futet-ne-seli-i-rrethuar-nga-4-roje-private","status":"publish","type":"post","link":"https:\/\/zjarr.tv\/en\/enkelejd-alibeaj-futet-ne-seli-i-rrethuar-nga-4-roje-private\/","title":{"rendered":"Enkelejd Alibeaj futet n\u00eb seli i rrethuar nga 4 roje private&#8230;"},"content":{"rendered":"<p>N\u00eb selin\u00eb PD, ka vazhduar mb\u00ebrritja e figurave zyrtar\u00ebve dhe t\u00eb an\u00ebtar\u00ebve t\u00eb kryetar\u00ebve t\u00eb deg\u00ebve dhe t\u00eb kryesis\u00eb. N\u00eb pamjet e siguruara gjat\u00eb transmetimit t\u00eb Fax News, u vu re qart\u00eb se deputeti Enkelejd Alibeaj, u fut n\u00eb seli i shoq\u00ebruar nga rreth 4 roje private.<\/p>\n<p>N\u00eb momentin e mb\u00ebrritjes s\u00eb saj, Grida Duma ka dh\u00ebn\u00eb nj\u00eb prononcim p\u00ebr Fax News ku \u00ebsht\u00eb shprehur se asgj\u00eb nuk do ndodhte dhe se pas p\u00ebrfundimit t\u00eb mbledhjes \u00e7do gj\u00eb do vazhdonte normalisht.<\/p>\n<p>Grida Duma: T\u00eb kryejm\u00eb mbledhjen dhe pastaj gjithsecili vazhdon pun\u00ebn n\u00eb m\u00ebnyr\u00eb normale.<\/p>\n<p>Kujtojm\u00eb q\u00eb dit\u00ebn e djeshme, deputeti Spartak Braho, b\u00ebri nj\u00eb paralajm\u00ebrim se n\u00eb protest\u00eb mund t\u00eb vritej deputeti i PD me inicialet E.A q\u00eb p\u00ebrkon me emrin (Enkelejd Alibeaj).<\/p>","protected":false},"excerpt":{"rendered":"<p>N\u00eb selin\u00eb PD, ka vazhduar mb\u00ebrritja e figurave zyrtar\u00ebve dhe t\u00eb an\u00ebtar\u00ebve t\u00eb kryetar\u00ebve t\u00eb deg\u00ebve dhe t\u00eb kryesis\u00eb. N\u00eb pamjet e siguruara gjat\u00eb transmetimit t\u00eb Fax News, u vu re qart\u00eb se deputeti Enkelejd Alibeaj, u fut n\u00eb seli i shoq\u00ebruar nga rreth 4 roje private. N\u00eb momentin e mb\u00ebrritjes s\u00eb saj, Grida Duma [&hellip;]<\/p>\n","protected":false},"author":2031,"featured_media":229170,"comment_status":"closed","ping_status":"closed","sticky":false,"template":"","format":"standard","meta":{"footnotes":""},"categories":[231],"tags":[],"class_list":{"0":"post-229169","1":"post","2":"type-post","3":"status-publish","4":"format-standard","5":"has-post-thumbnail","7":"category-lajme"},"_links":{"self":[{"href":"https:\/\/zjarr.tv\/en\/wp-json\/wp\/v2\/posts\/229169","targetHints":{"allow":["GET"]}}],"collection":[{"href":"https:\/\/zjarr.tv\/en\/wp-json\/wp\/v2\/posts"}],"about":[{"href":"https:\/\/zjarr.tv\/en\/wp-json\/wp\/v2\/types\/post"}],"author":[{"embeddable":true,"href":"https:\/\/zjarr.tv\/en\/wp-json\/wp\/v2\/users\/2031"}],"replies":[{"embeddable":true,"href":"https:\/\/zjarr.tv\/en\/wp-json\/wp\/v2\/comments?post=229169"}],"version-history":[{"count":0,"href":"https:\/\/zjarr.tv\/en\/wp-json\/wp\/v2\/posts\/229169\/revisions"}],"wp:featuredmedia":[{"embeddable":true,"href":"https:\/\/zjarr.tv\/en\/wp-json\/wp\/v2\/media\/229170"}],"wp:attachment":[{"href":"https:\/\/zjarr.tv\/en\/wp-json\/wp\/v2\/media?parent=229169"}],"wp:term":[{"taxonomy":"category","embeddable":true,"href":"https:\/\/zjarr.tv\/en\/wp-json\/wp\/v2\/categories?post=229169"},{"taxonomy":"post_tag","embeddable":true,"href":"https:\/\/zjarr.tv\/en\/wp-json\/wp\/v2\/tags?post=229169"}],"curies":[{"name":"wp","href":"https:\/\/api.w.org\/{rel}","templated":true}]}}