{"id":229188,"date":"2022-01-08T11:20:52","date_gmt":"2022-01-08T10:20:52","guid":{"rendered":"https:\/\/zjarr.tv\/?p=229188"},"modified":"2022-01-08T11:20:52","modified_gmt":"2022-01-08T10:20:52","slug":"policia-vesh-me-tela-me-gjemba-muret-e-selise-se-partise-demokratike","status":"publish","type":"post","link":"https:\/\/zjarr.tv\/en\/policia-vesh-me-tela-me-gjemba-muret-e-selise-se-partise-demokratike\/","title":{"rendered":"Policia vesh me tela me gjemba muret e selis\u00eb s\u00eb Partis\u00eb Demokratike"},"content":{"rendered":"<p>Forcat policore kan\u00eb nisur t\u00eb marrin masa shtes\u00eb p\u00ebr mbrojtjen e selis\u00eb s\u00eb Kuvendit duke rrethuar me tela me gjemba ndarjen mes selis\u00eb s\u00eb PD-s\u00eb dhe Kuvendit t\u00eb Shqip\u00ebris\u00eb. <\/p>\n<p>E gjith\u00eb zona \u00ebsht\u00eb mbushur me qindra polic\u00eb, nd\u00ebrsa snajperist\u00eb jan\u00eb v\u00ebrejtur dhe mbi \u00e7atin\u00eb e Kryeministris\u00eb. Gjat\u00eb mbr\u00ebmjes s\u00eb djeshme dyert e kryeministris\u00eb u p\u00ebrforcuan me pllaka metalike, nd\u00ebrsa dit\u00ebn e sotme pritet t\u00eb mbahet para PD-s\u00eb protesta komb\u00ebtare e thirrur nga Sali Berisha p\u00ebr \u2018\u00e7lirimin\u2019 sipas tij t\u00eb selis\u00eb nga Lulzim Basha, i shkarkuar nga kuvendi i 11 dhjetorit dhe m\u00eb pas referendumit t\u00eb 18 dhjetorit, thirrur nga ish-lideri i demokrat\u00ebve.<\/p>","protected":false},"excerpt":{"rendered":"<p>Forcat policore kan\u00eb nisur t\u00eb marrin masa shtes\u00eb p\u00ebr mbrojtjen e selis\u00eb s\u00eb Kuvendit duke rrethuar me tela me gjemba ndarjen mes selis\u00eb s\u00eb PD-s\u00eb dhe Kuvendit t\u00eb Shqip\u00ebris\u00eb. E gjith\u00eb zona \u00ebsht\u00eb mbushur me qindra polic\u00eb, nd\u00ebrsa snajperist\u00eb jan\u00eb v\u00ebrejtur dhe mbi \u00e7atin\u00eb e Kryeministris\u00eb. Gjat\u00eb mbr\u00ebmjes s\u00eb djeshme dyert e kryeministris\u00eb u p\u00ebrforcuan [&hellip;]<\/p>\n","protected":false},"author":2031,"featured_media":229189,"comment_status":"closed","ping_status":"closed","sticky":false,"template":"","format":"standard","meta":{"footnotes":""},"categories":[231],"tags":[],"class_list":{"0":"post-229188","1":"post","2":"type-post","3":"status-publish","4":"format-standard","5":"has-post-thumbnail","7":"category-lajme"},"_links":{"self":[{"href":"https:\/\/zjarr.tv\/en\/wp-json\/wp\/v2\/posts\/229188","targetHints":{"allow":["GET"]}}],"collection":[{"href":"https:\/\/zjarr.tv\/en\/wp-json\/wp\/v2\/posts"}],"about":[{"href":"https:\/\/zjarr.tv\/en\/wp-json\/wp\/v2\/types\/post"}],"author":[{"embeddable":true,"href":"https:\/\/zjarr.tv\/en\/wp-json\/wp\/v2\/users\/2031"}],"replies":[{"embeddable":true,"href":"https:\/\/zjarr.tv\/en\/wp-json\/wp\/v2\/comments?post=229188"}],"version-history":[{"count":0,"href":"https:\/\/zjarr.tv\/en\/wp-json\/wp\/v2\/posts\/229188\/revisions"}],"wp:featuredmedia":[{"embeddable":true,"href":"https:\/\/zjarr.tv\/en\/wp-json\/wp\/v2\/media\/229189"}],"wp:attachment":[{"href":"https:\/\/zjarr.tv\/en\/wp-json\/wp\/v2\/media?parent=229188"}],"wp:term":[{"taxonomy":"category","embeddable":true,"href":"https:\/\/zjarr.tv\/en\/wp-json\/wp\/v2\/categories?post=229188"},{"taxonomy":"post_tag","embeddable":true,"href":"https:\/\/zjarr.tv\/en\/wp-json\/wp\/v2\/tags?post=229188"}],"curies":[{"name":"wp","href":"https:\/\/api.w.org\/{rel}","templated":true}]}}